{"id":12050,"date":"2024-07-15T11:36:00","date_gmt":"2024-07-15T11:36:00","guid":{"rendered":"https:\/\/millihaber.com.tr\/2024\/07\/15\/emekliye-ek-zam-ak-partili-guler-ortaya-bazi-rakamlar-cikti-erdogana-sunulacak\/"},"modified":"2024-07-15T11:36:00","modified_gmt":"2024-07-15T11:36:00","slug":"emekliye-ek-zam-ak-partili-guler-ortaya-bazi-rakamlar-cikti-erdogana-sunulacak","status":"publish","type":"post","link":"https:\/\/millihaber.com.tr\/?p=12050","title":{"rendered":"Emekliye ek zam! AK Partili G\u00fcler: Ortaya baz\u0131 rakamlar \u00e7\u0131kt\u0131, Erdo\u011fan&#039;a sunulacak"},"content":{"rendered":"<p>AK Parti Grup Ba\u015fkan\u0131 Abdullah G\u00fcler, en d\u00fc\u015f\u00fck emekli maa\u015f\u0131n\u0131n bu ak\u015fam belli olaca\u011f\u0131n\u0131 s\u00f6yledi. B\u00fct\u00e7e imkanlar\u0131 nedir, bunun belirlenmesi gerekiyor diyen G\u00fcler, Bununla ilgili analizleri toplad\u0131k, bu ak\u015fam itibar\u0131yla Cumhurba\u015fkan\u0131m\u0131za sunaca\u011f\u0131z.&#8221; dedi. \u0130\u015fte detaylar&#8230;<\/p>\n","protected":false},"excerpt":{"rendered":"<p>AK Parti Grup Ba\u015fkan\u0131 Abdullah G\u00fcler, en d\u00fc\u015f\u00fck emekli maa\u015f\u0131n\u0131n bu ak\u015fam belli olaca\u011f\u0131n\u0131 s\u00f6yledi. B\u00fct\u00e7e imkanlar\u0131 nedir, bunun belirlenmesi gerekiyor diyen G\u00fcler, Bununla ilgili analizleri toplad\u0131k, bu ak\u015fam itibar\u0131yla Cumhurba\u015fkan\u0131m\u0131za sunaca\u011f\u0131z.&#8221; dedi. \u0130\u015fte detaylar&#8230;<\/p>\n","protected":false},"author":1,"featured_media":12051,"comment_status":"open","ping_status":"open","sticky":false,"template":"","format":"standard","meta":{"footnotes":""},"categories":[4,5],"tags":[],"class_list":["post-12050","post","type-post","status-publish","format-standard","has-post-thumbnail","hentry","category-genel","category-gundem"],"yoast_head":"<!-- This site is optimized with the Yoast SEO plugin v28.3 - https:\/\/yoast.com\/product\/yoast-seo-wordpress\/ -->\n<title>Emekliye ek zam! AK Partili G\u00fcler: Ortaya baz\u0131 rakamlar \u00e7\u0131kt\u0131, Erdo\u011fan&#039;a sunulacak - Milli Haber<\/title>\n<meta name=\"robots\" content=\"index, follow, max-snippet:-1, max-image-preview:large, max-video-preview:-1\" \/>\n<link rel=\"canonical\" href=\"https:\/\/millihaber.com.tr\/?p=12050\" \/>\n<meta property=\"og:locale\" content=\"tr_TR\" \/>\n<meta property=\"og:type\" content=\"article\" \/>\n<meta property=\"og:title\" content=\"Emekliye ek zam! AK Partili G\u00fcler: Ortaya baz\u0131 rakamlar \u00e7\u0131kt\u0131, Erdo\u011fan&#039;a sunulacak - Milli Haber\" \/>\n<meta property=\"og:description\" content=\"AK Parti Grup Ba\u015fkan\u0131 Abdullah G\u00fcler, en d\u00fc\u015f\u00fck emekli maa\u015f\u0131n\u0131n bu ak\u015fam belli olaca\u011f\u0131n\u0131 s\u00f6yledi. B\u00fct\u00e7e imkanlar\u0131 nedir, bunun belirlenmesi gerekiyor diyen G\u00fcler, Bununla ilgili analizleri toplad\u0131k, bu ak\u015fam itibar\u0131yla Cumhurba\u015fkan\u0131m\u0131za sunaca\u011f\u0131z.&#8221; dedi. \u0130\u015fte detaylar&#8230;\" \/>\n<meta property=\"og:url\" content=\"https:\/\/millihaber.com.tr\/?p=12050\" \/>\n<meta property=\"og:site_name\" content=\"Milli Haber\" \/>\n<meta property=\"article:published_time\" content=\"2024-07-15T11:36:00+00:00\" \/>\n<meta property=\"og:image\" content=\"https:\/\/millihaber.com.tr\/wp-content\/uploads\/2024\/07\/9-ju7y_cover-740x420.jpg\" \/>\n\t<meta property=\"og:image:width\" content=\"1280\" \/>\n\t<meta property=\"og:image:height\" content=\"720\" \/>\n\t<meta property=\"og:image:type\" content=\"image\/jpeg\" \/>\n<meta name=\"author\" content=\"admins\" \/>\n<meta name=\"twitter:card\" content=\"summary_large_image\" \/>\n<meta name=\"twitter:label1\" content=\"Yazan:\" \/>\n\t<meta name=\"twitter:data1\" content=\"admins\" \/>\n<script type=\"application\/ld+json\" class=\"yoast-schema-graph\">{\"@context\":\"https:\\\/\\\/schema.org\",\"@graph\":[{\"@type\":\"Article\",\"@id\":\"https:\\\/\\\/millihaber.com.tr\\\/?p=12050#article\",\"isPartOf\":{\"@id\":\"https:\\\/\\\/millihaber.com.tr\\\/?p=12050\"},\"author\":{\"name\":\"admins\",\"@id\":\"https:\\\/\\\/millihaber.com.tr\\\/#\\\/schema\\\/person\\\/ce25ff78bd50c3fcd185fb298962da20\"},\"headline\":\"Emekliye ek zam! AK Partili G\u00fcler: Ortaya baz\u0131 rakamlar \u00e7\u0131kt\u0131, Erdo\u011fan&#039;a sunulacak\",\"datePublished\":\"2024-07-15T11:36:00+00:00\",\"mainEntityOfPage\":{\"@id\":\"https:\\\/\\\/millihaber.com.tr\\\/?p=12050\"},\"wordCount\":68,\"commentCount\":0,\"image\":{\"@id\":\"https:\\\/\\\/millihaber.com.tr\\\/?p=12050#primaryimage\"},\"thumbnailUrl\":\"https:\\\/\\\/millihaber.com.tr\\\/wp-content\\\/uploads\\\/2024\\\/07\\\/9-ju7y_cover-740x420.jpg\",\"articleSection\":{\"1\":\"G\u00fcndem\"},\"inLanguage\":\"tr\",\"potentialAction\":[{\"@type\":\"CommentAction\",\"name\":\"Comment\",\"target\":[\"https:\\\/\\\/millihaber.com.tr\\\/?p=12050#respond\"]}]},{\"@type\":\"WebPage\",\"@id\":\"https:\\\/\\\/millihaber.com.tr\\\/?p=12050\",\"url\":\"https:\\\/\\\/millihaber.com.tr\\\/?p=12050\",\"name\":\"Emekliye ek zam! AK Partili G\u00fcler: Ortaya baz\u0131 rakamlar \u00e7\u0131kt\u0131, Erdo\u011fan&#039;a sunulacak - Milli Haber\",\"isPartOf\":{\"@id\":\"https:\\\/\\\/millihaber.com.tr\\\/#website\"},\"primaryImageOfPage\":{\"@id\":\"https:\\\/\\\/millihaber.com.tr\\\/?p=12050#primaryimage\"},\"image\":{\"@id\":\"https:\\\/\\\/millihaber.com.tr\\\/?p=12050#primaryimage\"},\"thumbnailUrl\":\"https:\\\/\\\/millihaber.com.tr\\\/wp-content\\\/uploads\\\/2024\\\/07\\\/9-ju7y_cover-740x420.jpg\",\"datePublished\":\"2024-07-15T11:36:00+00:00\",\"author\":{\"@id\":\"https:\\\/\\\/millihaber.com.tr\\\/#\\\/schema\\\/person\\\/ce25ff78bd50c3fcd185fb298962da20\"},\"breadcrumb\":{\"@id\":\"https:\\\/\\\/millihaber.com.tr\\\/?p=12050#breadcrumb\"},\"inLanguage\":\"tr\",\"potentialAction\":[{\"@type\":\"ReadAction\",\"target\":[\"https:\\\/\\\/millihaber.com.tr\\\/?p=12050\"]}]},{\"@type\":\"ImageObject\",\"inLanguage\":\"tr\",\"@id\":\"https:\\\/\\\/millihaber.com.tr\\\/?p=12050#primaryimage\",\"url\":\"https:\\\/\\\/millihaber.com.tr\\\/wp-content\\\/uploads\\\/2024\\\/07\\\/9-ju7y_cover-740x420.jpg\",\"contentUrl\":\"https:\\\/\\\/millihaber.com.tr\\\/wp-content\\\/uploads\\\/2024\\\/07\\\/9-ju7y_cover-740x420.jpg\",\"width\":1280,\"height\":720},{\"@type\":\"BreadcrumbList\",\"@id\":\"https:\\\/\\\/millihaber.com.tr\\\/?p=12050#breadcrumb\",\"itemListElement\":[{\"@type\":\"ListItem\",\"position\":1,\"name\":\"Anasayfa\",\"item\":\"https:\\\/\\\/millihaber.com.tr\\\/\"},{\"@type\":\"ListItem\",\"position\":2,\"name\":\"Emekliye ek zam! AK Partili G\u00fcler: Ortaya baz\u0131 rakamlar \u00e7\u0131kt\u0131, Erdo\u011fan&#039;a sunulacak\"}]},{\"@type\":\"WebSite\",\"@id\":\"https:\\\/\\\/millihaber.com.tr\\\/#website\",\"url\":\"https:\\\/\\\/millihaber.com.tr\\\/\",\"name\":\"Milli Haber\",\"description\":\"Do\u011fru ve  tarafs\u0131z haber\",\"potentialAction\":[{\"@type\":\"SearchAction\",\"target\":{\"@type\":\"EntryPoint\",\"urlTemplate\":\"https:\\\/\\\/millihaber.com.tr\\\/?s={search_term_string}\"},\"query-input\":{\"@type\":\"PropertyValueSpecification\",\"valueRequired\":true,\"valueName\":\"search_term_string\"}}],\"inLanguage\":\"tr\"},{\"@type\":\"Person\",\"@id\":\"https:\\\/\\\/millihaber.com.tr\\\/#\\\/schema\\\/person\\\/ce25ff78bd50c3fcd185fb298962da20\",\"name\":\"admins\",\"image\":{\"@type\":\"ImageObject\",\"inLanguage\":\"tr\",\"@id\":\"https:\\\/\\\/secure.gravatar.com\\\/avatar\\\/e0fedbe3a363c5c8caf2fc642ce571dbc8b817fe6496640b86a44caa33342477?s=96&d=mm&r=g\",\"url\":\"https:\\\/\\\/secure.gravatar.com\\\/avatar\\\/e0fedbe3a363c5c8caf2fc642ce571dbc8b817fe6496640b86a44caa33342477?s=96&d=mm&r=g\",\"contentUrl\":\"https:\\\/\\\/secure.gravatar.com\\\/avatar\\\/e0fedbe3a363c5c8caf2fc642ce571dbc8b817fe6496640b86a44caa33342477?s=96&d=mm&r=g\",\"caption\":\"admins\"},\"sameAs\":[\"https:\\\/\\\/millihaber.com.tr\"],\"url\":\"https:\\\/\\\/millihaber.com.tr\\\/?author=1\"}]}<\/script>\n<!-- \/ Yoast SEO plugin. -->","yoast_head_json":{"title":"Emekliye ek zam! AK Partili G\u00fcler: Ortaya baz\u0131 rakamlar \u00e7\u0131kt\u0131, Erdo\u011fan&#039;a sunulacak - Milli Haber","robots":{"index":"index","follow":"follow","max-snippet":"max-snippet:-1","max-image-preview":"max-image-preview:large","max-video-preview":"max-video-preview:-1"},"canonical":"https:\/\/millihaber.com.tr\/?p=12050","og_locale":"tr_TR","og_type":"article","og_title":"Emekliye ek zam! AK Partili G\u00fcler: Ortaya baz\u0131 rakamlar \u00e7\u0131kt\u0131, Erdo\u011fan&#039;a sunulacak - Milli Haber","og_description":"AK Parti Grup Ba\u015fkan\u0131 Abdullah G\u00fcler, en d\u00fc\u015f\u00fck emekli maa\u015f\u0131n\u0131n bu ak\u015fam belli olaca\u011f\u0131n\u0131 s\u00f6yledi. B\u00fct\u00e7e imkanlar\u0131 nedir, bunun belirlenmesi gerekiyor diyen G\u00fcler, Bununla ilgili analizleri toplad\u0131k, bu ak\u015fam itibar\u0131yla Cumhurba\u015fkan\u0131m\u0131za sunaca\u011f\u0131z.&#8221; dedi. \u0130\u015fte detaylar&#8230;","og_url":"https:\/\/millihaber.com.tr\/?p=12050","og_site_name":"Milli Haber","article_published_time":"2024-07-15T11:36:00+00:00","og_image":[{"width":1280,"height":720,"url":"https:\/\/millihaber.com.tr\/wp-content\/uploads\/2024\/07\/9-ju7y_cover-740x420.jpg","type":"image\/jpeg"}],"author":"admins","twitter_card":"summary_large_image","twitter_misc":{"Yazan:":"admins"},"schema":{"@context":"https:\/\/schema.org","@graph":[{"@type":"Article","@id":"https:\/\/millihaber.com.tr\/?p=12050#article","isPartOf":{"@id":"https:\/\/millihaber.com.tr\/?p=12050"},"author":{"name":"admins","@id":"https:\/\/millihaber.com.tr\/#\/schema\/person\/ce25ff78bd50c3fcd185fb298962da20"},"headline":"Emekliye ek zam! AK Partili G\u00fcler: Ortaya baz\u0131 rakamlar \u00e7\u0131kt\u0131, Erdo\u011fan&#039;a sunulacak","datePublished":"2024-07-15T11:36:00+00:00","mainEntityOfPage":{"@id":"https:\/\/millihaber.com.tr\/?p=12050"},"wordCount":68,"commentCount":0,"image":{"@id":"https:\/\/millihaber.com.tr\/?p=12050#primaryimage"},"thumbnailUrl":"https:\/\/millihaber.com.tr\/wp-content\/uploads\/2024\/07\/9-ju7y_cover-740x420.jpg","articleSection":{"1":"G\u00fcndem"},"inLanguage":"tr","potentialAction":[{"@type":"CommentAction","name":"Comment","target":["https:\/\/millihaber.com.tr\/?p=12050#respond"]}]},{"@type":"WebPage","@id":"https:\/\/millihaber.com.tr\/?p=12050","url":"https:\/\/millihaber.com.tr\/?p=12050","name":"Emekliye ek zam! AK Partili G\u00fcler: Ortaya baz\u0131 rakamlar \u00e7\u0131kt\u0131, Erdo\u011fan&#039;a sunulacak - Milli Haber","isPartOf":{"@id":"https:\/\/millihaber.com.tr\/#website"},"primaryImageOfPage":{"@id":"https:\/\/millihaber.com.tr\/?p=12050#primaryimage"},"image":{"@id":"https:\/\/millihaber.com.tr\/?p=12050#primaryimage"},"thumbnailUrl":"https:\/\/millihaber.com.tr\/wp-content\/uploads\/2024\/07\/9-ju7y_cover-740x420.jpg","datePublished":"2024-07-15T11:36:00+00:00","author":{"@id":"https:\/\/millihaber.com.tr\/#\/schema\/person\/ce25ff78bd50c3fcd185fb298962da20"},"breadcrumb":{"@id":"https:\/\/millihaber.com.tr\/?p=12050#breadcrumb"},"inLanguage":"tr","potentialAction":[{"@type":"ReadAction","target":["https:\/\/millihaber.com.tr\/?p=12050"]}]},{"@type":"ImageObject","inLanguage":"tr","@id":"https:\/\/millihaber.com.tr\/?p=12050#primaryimage","url":"https:\/\/millihaber.com.tr\/wp-content\/uploads\/2024\/07\/9-ju7y_cover-740x420.jpg","contentUrl":"https:\/\/millihaber.com.tr\/wp-content\/uploads\/2024\/07\/9-ju7y_cover-740x420.jpg","width":1280,"height":720},{"@type":"BreadcrumbList","@id":"https:\/\/millihaber.com.tr\/?p=12050#breadcrumb","itemListElement":[{"@type":"ListItem","position":1,"name":"Anasayfa","item":"https:\/\/millihaber.com.tr\/"},{"@type":"ListItem","position":2,"name":"Emekliye ek zam! AK Partili G\u00fcler: Ortaya baz\u0131 rakamlar \u00e7\u0131kt\u0131, Erdo\u011fan&#039;a sunulacak"}]},{"@type":"WebSite","@id":"https:\/\/millihaber.com.tr\/#website","url":"https:\/\/millihaber.com.tr\/","name":"Milli Haber","description":"Do\u011fru ve  tarafs\u0131z haber","potentialAction":[{"@type":"SearchAction","target":{"@type":"EntryPoint","urlTemplate":"https:\/\/millihaber.com.tr\/?s={search_term_string}"},"query-input":{"@type":"PropertyValueSpecification","valueRequired":true,"valueName":"search_term_string"}}],"inLanguage":"tr"},{"@type":"Person","@id":"https:\/\/millihaber.com.tr\/#\/schema\/person\/ce25ff78bd50c3fcd185fb298962da20","name":"admins","image":{"@type":"ImageObject","inLanguage":"tr","@id":"https:\/\/secure.gravatar.com\/avatar\/e0fedbe3a363c5c8caf2fc642ce571dbc8b817fe6496640b86a44caa33342477?s=96&d=mm&r=g","url":"https:\/\/secure.gravatar.com\/avatar\/e0fedbe3a363c5c8caf2fc642ce571dbc8b817fe6496640b86a44caa33342477?s=96&d=mm&r=g","contentUrl":"https:\/\/secure.gravatar.com\/avatar\/e0fedbe3a363c5c8caf2fc642ce571dbc8b817fe6496640b86a44caa33342477?s=96&d=mm&r=g","caption":"admins"},"sameAs":["https:\/\/millihaber.com.tr"],"url":"https:\/\/millihaber.com.tr\/?author=1"}]}},"_links":{"self":[{"href":"https:\/\/millihaber.com.tr\/index.php?rest_route=\/wp\/v2\/posts\/12050","targetHints":{"allow":["GET"]}}],"collection":[{"href":"https:\/\/millihaber.com.tr\/index.php?rest_route=\/wp\/v2\/posts"}],"about":[{"href":"https:\/\/millihaber.com.tr\/index.php?rest_route=\/wp\/v2\/types\/post"}],"author":[{"embeddable":true,"href":"https:\/\/millihaber.com.tr\/index.php?rest_route=\/wp\/v2\/users\/1"}],"replies":[{"embeddable":true,"href":"https:\/\/millihaber.com.tr\/index.php?rest_route=%2Fwp%2Fv2%2Fcomments&post=12050"}],"version-history":[{"count":0,"href":"https:\/\/millihaber.com.tr\/index.php?rest_route=\/wp\/v2\/posts\/12050\/revisions"}],"wp:featuredmedia":[{"embeddable":true,"href":"https:\/\/millihaber.com.tr\/index.php?rest_route=\/wp\/v2\/media\/12051"}],"wp:attachment":[{"href":"https:\/\/millihaber.com.tr\/index.php?rest_route=%2Fwp%2Fv2%2Fmedia&parent=12050"}],"wp:term":[{"taxonomy":"category","embeddable":true,"href":"https:\/\/millihaber.com.tr\/index.php?rest_route=%2Fwp%2Fv2%2Fcategories&post=12050"},{"taxonomy":"post_tag","embeddable":true,"href":"https:\/\/millihaber.com.tr\/index.php?rest_route=%2Fwp%2Fv2%2Ftags&post=12050"}],"curies":[{"name":"wp","href":"https:\/\/api.w.org\/{rel}","templated":true}]}}