{"id":12090,"date":"2024-07-16T10:03:00","date_gmt":"2024-07-16T10:03:00","guid":{"rendered":"https:\/\/millihaber.com.tr\/2024\/07\/16\/butce-6-ayda-747-milyar-lira-acik-verdi\/"},"modified":"2024-07-16T10:03:00","modified_gmt":"2024-07-16T10:03:00","slug":"butce-6-ayda-747-milyar-lira-acik-verdi","status":"publish","type":"post","link":"https:\/\/millihaber.com.tr\/?p=12090","title":{"rendered":"B\u00fct\u00e7e 6 ayda 747 milyar lira a\u00e7\u0131k verdi"},"content":{"rendered":"<p>Hazine ve Maliye Bakanl\u0131\u011f\u0131, haziran ay\u0131na ili\u015fkin b\u00fct\u00e7e uygulama sonu\u00e7lar\u0131n\u0131 a\u00e7\u0131klad\u0131. A\u00e7\u0131klanan verilere g\u00f6re, Merkezi Y\u00f6netim b\u00fct\u00e7esi y\u0131l\u0131n ilk yar\u0131s\u0131nda 747,2 milyar TL a\u00e7\u0131k verdi. Haziran ay\u0131nda b\u00fct\u00e7e a\u00e7\u0131\u011f\u0131 275,3 milyar TL olarak ger\u00e7ekle\u015fti. \u0130\u015fte detaylar&#8230;<\/p>\n","protected":false},"excerpt":{"rendered":"<p>Hazine ve Maliye Bakanl\u0131\u011f\u0131, haziran ay\u0131na ili\u015fkin b\u00fct\u00e7e uygulama sonu\u00e7lar\u0131n\u0131 a\u00e7\u0131klad\u0131. A\u00e7\u0131klanan verilere g\u00f6re, Merkezi Y\u00f6netim b\u00fct\u00e7esi y\u0131l\u0131n ilk yar\u0131s\u0131nda 747,2 milyar TL a\u00e7\u0131k verdi. Haziran ay\u0131nda b\u00fct\u00e7e a\u00e7\u0131\u011f\u0131 275,3 milyar TL olarak ger\u00e7ekle\u015fti. \u0130\u015fte detaylar&#8230;<\/p>\n","protected":false},"author":1,"featured_media":12091,"comment_status":"open","ping_status":"open","sticky":false,"template":"","format":"standard","meta":{"footnotes":""},"categories":[4,5],"tags":[],"class_list":["post-12090","post","type-post","status-publish","format-standard","has-post-thumbnail","hentry","category-genel","category-gundem"],"yoast_head":"<!-- This site is optimized with the Yoast SEO plugin v28.3 - https:\/\/yoast.com\/product\/yoast-seo-wordpress\/ -->\n<title>B\u00fct\u00e7e 6 ayda 747 milyar lira a\u00e7\u0131k verdi - Milli Haber<\/title>\n<meta name=\"robots\" content=\"index, follow, max-snippet:-1, max-image-preview:large, max-video-preview:-1\" \/>\n<link rel=\"canonical\" href=\"https:\/\/millihaber.com.tr\/?p=12090\" \/>\n<meta property=\"og:locale\" content=\"tr_TR\" \/>\n<meta property=\"og:type\" content=\"article\" \/>\n<meta property=\"og:title\" content=\"B\u00fct\u00e7e 6 ayda 747 milyar lira a\u00e7\u0131k verdi - Milli Haber\" \/>\n<meta property=\"og:description\" content=\"Hazine ve Maliye Bakanl\u0131\u011f\u0131, haziran ay\u0131na ili\u015fkin b\u00fct\u00e7e uygulama sonu\u00e7lar\u0131n\u0131 a\u00e7\u0131klad\u0131. A\u00e7\u0131klanan verilere g\u00f6re, Merkezi Y\u00f6netim b\u00fct\u00e7esi y\u0131l\u0131n ilk yar\u0131s\u0131nda 747,2 milyar TL a\u00e7\u0131k verdi. Haziran ay\u0131nda b\u00fct\u00e7e a\u00e7\u0131\u011f\u0131 275,3 milyar TL olarak ger\u00e7ekle\u015fti. \u0130\u015fte detaylar&#8230;\" \/>\n<meta property=\"og:url\" content=\"https:\/\/millihaber.com.tr\/?p=12090\" \/>\n<meta property=\"og:site_name\" content=\"Milli Haber\" \/>\n<meta property=\"article:published_time\" content=\"2024-07-16T10:03:00+00:00\" \/>\n<meta property=\"og:image\" content=\"https:\/\/millihaber.com.tr\/wp-content\/uploads\/2024\/07\/0-85u7_cover-740x420.jpg\" \/>\n\t<meta property=\"og:image:width\" content=\"1280\" \/>\n\t<meta property=\"og:image:height\" content=\"720\" \/>\n\t<meta property=\"og:image:type\" content=\"image\/jpeg\" \/>\n<meta name=\"author\" content=\"admins\" \/>\n<meta name=\"twitter:card\" content=\"summary_large_image\" \/>\n<meta name=\"twitter:label1\" content=\"Yazan:\" \/>\n\t<meta name=\"twitter:data1\" content=\"admins\" \/>\n<script type=\"application\/ld+json\" class=\"yoast-schema-graph\">{\"@context\":\"https:\\\/\\\/schema.org\",\"@graph\":[{\"@type\":\"Article\",\"@id\":\"https:\\\/\\\/millihaber.com.tr\\\/?p=12090#article\",\"isPartOf\":{\"@id\":\"https:\\\/\\\/millihaber.com.tr\\\/?p=12090\"},\"author\":{\"name\":\"admins\",\"@id\":\"https:\\\/\\\/millihaber.com.tr\\\/#\\\/schema\\\/person\\\/ce25ff78bd50c3fcd185fb298962da20\"},\"headline\":\"B\u00fct\u00e7e 6 ayda 747 milyar lira a\u00e7\u0131k verdi\",\"datePublished\":\"2024-07-16T10:03:00+00:00\",\"mainEntityOfPage\":{\"@id\":\"https:\\\/\\\/millihaber.com.tr\\\/?p=12090\"},\"wordCount\":65,\"commentCount\":0,\"image\":{\"@id\":\"https:\\\/\\\/millihaber.com.tr\\\/?p=12090#primaryimage\"},\"thumbnailUrl\":\"https:\\\/\\\/millihaber.com.tr\\\/wp-content\\\/uploads\\\/2024\\\/07\\\/0-85u7_cover-740x420.jpg\",\"articleSection\":{\"1\":\"G\u00fcndem\"},\"inLanguage\":\"tr\",\"potentialAction\":[{\"@type\":\"CommentAction\",\"name\":\"Comment\",\"target\":[\"https:\\\/\\\/millihaber.com.tr\\\/?p=12090#respond\"]}]},{\"@type\":\"WebPage\",\"@id\":\"https:\\\/\\\/millihaber.com.tr\\\/?p=12090\",\"url\":\"https:\\\/\\\/millihaber.com.tr\\\/?p=12090\",\"name\":\"B\u00fct\u00e7e 6 ayda 747 milyar lira a\u00e7\u0131k verdi - Milli Haber\",\"isPartOf\":{\"@id\":\"https:\\\/\\\/millihaber.com.tr\\\/#website\"},\"primaryImageOfPage\":{\"@id\":\"https:\\\/\\\/millihaber.com.tr\\\/?p=12090#primaryimage\"},\"image\":{\"@id\":\"https:\\\/\\\/millihaber.com.tr\\\/?p=12090#primaryimage\"},\"thumbnailUrl\":\"https:\\\/\\\/millihaber.com.tr\\\/wp-content\\\/uploads\\\/2024\\\/07\\\/0-85u7_cover-740x420.jpg\",\"datePublished\":\"2024-07-16T10:03:00+00:00\",\"author\":{\"@id\":\"https:\\\/\\\/millihaber.com.tr\\\/#\\\/schema\\\/person\\\/ce25ff78bd50c3fcd185fb298962da20\"},\"breadcrumb\":{\"@id\":\"https:\\\/\\\/millihaber.com.tr\\\/?p=12090#breadcrumb\"},\"inLanguage\":\"tr\",\"potentialAction\":[{\"@type\":\"ReadAction\",\"target\":[\"https:\\\/\\\/millihaber.com.tr\\\/?p=12090\"]}]},{\"@type\":\"ImageObject\",\"inLanguage\":\"tr\",\"@id\":\"https:\\\/\\\/millihaber.com.tr\\\/?p=12090#primaryimage\",\"url\":\"https:\\\/\\\/millihaber.com.tr\\\/wp-content\\\/uploads\\\/2024\\\/07\\\/0-85u7_cover-740x420.jpg\",\"contentUrl\":\"https:\\\/\\\/millihaber.com.tr\\\/wp-content\\\/uploads\\\/2024\\\/07\\\/0-85u7_cover-740x420.jpg\",\"width\":1280,\"height\":720},{\"@type\":\"BreadcrumbList\",\"@id\":\"https:\\\/\\\/millihaber.com.tr\\\/?p=12090#breadcrumb\",\"itemListElement\":[{\"@type\":\"ListItem\",\"position\":1,\"name\":\"Anasayfa\",\"item\":\"https:\\\/\\\/millihaber.com.tr\\\/\"},{\"@type\":\"ListItem\",\"position\":2,\"name\":\"B\u00fct\u00e7e 6 ayda 747 milyar lira a\u00e7\u0131k verdi\"}]},{\"@type\":\"WebSite\",\"@id\":\"https:\\\/\\\/millihaber.com.tr\\\/#website\",\"url\":\"https:\\\/\\\/millihaber.com.tr\\\/\",\"name\":\"Milli Haber\",\"description\":\"Do\u011fru ve  tarafs\u0131z haber\",\"potentialAction\":[{\"@type\":\"SearchAction\",\"target\":{\"@type\":\"EntryPoint\",\"urlTemplate\":\"https:\\\/\\\/millihaber.com.tr\\\/?s={search_term_string}\"},\"query-input\":{\"@type\":\"PropertyValueSpecification\",\"valueRequired\":true,\"valueName\":\"search_term_string\"}}],\"inLanguage\":\"tr\"},{\"@type\":\"Person\",\"@id\":\"https:\\\/\\\/millihaber.com.tr\\\/#\\\/schema\\\/person\\\/ce25ff78bd50c3fcd185fb298962da20\",\"name\":\"admins\",\"image\":{\"@type\":\"ImageObject\",\"inLanguage\":\"tr\",\"@id\":\"https:\\\/\\\/secure.gravatar.com\\\/avatar\\\/e0fedbe3a363c5c8caf2fc642ce571dbc8b817fe6496640b86a44caa33342477?s=96&d=mm&r=g\",\"url\":\"https:\\\/\\\/secure.gravatar.com\\\/avatar\\\/e0fedbe3a363c5c8caf2fc642ce571dbc8b817fe6496640b86a44caa33342477?s=96&d=mm&r=g\",\"contentUrl\":\"https:\\\/\\\/secure.gravatar.com\\\/avatar\\\/e0fedbe3a363c5c8caf2fc642ce571dbc8b817fe6496640b86a44caa33342477?s=96&d=mm&r=g\",\"caption\":\"admins\"},\"sameAs\":[\"https:\\\/\\\/millihaber.com.tr\"],\"url\":\"https:\\\/\\\/millihaber.com.tr\\\/?author=1\"}]}<\/script>\n<!-- \/ Yoast SEO plugin. -->","yoast_head_json":{"title":"B\u00fct\u00e7e 6 ayda 747 milyar lira a\u00e7\u0131k verdi - Milli Haber","robots":{"index":"index","follow":"follow","max-snippet":"max-snippet:-1","max-image-preview":"max-image-preview:large","max-video-preview":"max-video-preview:-1"},"canonical":"https:\/\/millihaber.com.tr\/?p=12090","og_locale":"tr_TR","og_type":"article","og_title":"B\u00fct\u00e7e 6 ayda 747 milyar lira a\u00e7\u0131k verdi - Milli Haber","og_description":"Hazine ve Maliye Bakanl\u0131\u011f\u0131, haziran ay\u0131na ili\u015fkin b\u00fct\u00e7e uygulama sonu\u00e7lar\u0131n\u0131 a\u00e7\u0131klad\u0131. A\u00e7\u0131klanan verilere g\u00f6re, Merkezi Y\u00f6netim b\u00fct\u00e7esi y\u0131l\u0131n ilk yar\u0131s\u0131nda 747,2 milyar TL a\u00e7\u0131k verdi. Haziran ay\u0131nda b\u00fct\u00e7e a\u00e7\u0131\u011f\u0131 275,3 milyar TL olarak ger\u00e7ekle\u015fti. \u0130\u015fte detaylar&#8230;","og_url":"https:\/\/millihaber.com.tr\/?p=12090","og_site_name":"Milli Haber","article_published_time":"2024-07-16T10:03:00+00:00","og_image":[{"width":1280,"height":720,"url":"https:\/\/millihaber.com.tr\/wp-content\/uploads\/2024\/07\/0-85u7_cover-740x420.jpg","type":"image\/jpeg"}],"author":"admins","twitter_card":"summary_large_image","twitter_misc":{"Yazan:":"admins"},"schema":{"@context":"https:\/\/schema.org","@graph":[{"@type":"Article","@id":"https:\/\/millihaber.com.tr\/?p=12090#article","isPartOf":{"@id":"https:\/\/millihaber.com.tr\/?p=12090"},"author":{"name":"admins","@id":"https:\/\/millihaber.com.tr\/#\/schema\/person\/ce25ff78bd50c3fcd185fb298962da20"},"headline":"B\u00fct\u00e7e 6 ayda 747 milyar lira a\u00e7\u0131k verdi","datePublished":"2024-07-16T10:03:00+00:00","mainEntityOfPage":{"@id":"https:\/\/millihaber.com.tr\/?p=12090"},"wordCount":65,"commentCount":0,"image":{"@id":"https:\/\/millihaber.com.tr\/?p=12090#primaryimage"},"thumbnailUrl":"https:\/\/millihaber.com.tr\/wp-content\/uploads\/2024\/07\/0-85u7_cover-740x420.jpg","articleSection":{"1":"G\u00fcndem"},"inLanguage":"tr","potentialAction":[{"@type":"CommentAction","name":"Comment","target":["https:\/\/millihaber.com.tr\/?p=12090#respond"]}]},{"@type":"WebPage","@id":"https:\/\/millihaber.com.tr\/?p=12090","url":"https:\/\/millihaber.com.tr\/?p=12090","name":"B\u00fct\u00e7e 6 ayda 747 milyar lira a\u00e7\u0131k verdi - Milli Haber","isPartOf":{"@id":"https:\/\/millihaber.com.tr\/#website"},"primaryImageOfPage":{"@id":"https:\/\/millihaber.com.tr\/?p=12090#primaryimage"},"image":{"@id":"https:\/\/millihaber.com.tr\/?p=12090#primaryimage"},"thumbnailUrl":"https:\/\/millihaber.com.tr\/wp-content\/uploads\/2024\/07\/0-85u7_cover-740x420.jpg","datePublished":"2024-07-16T10:03:00+00:00","author":{"@id":"https:\/\/millihaber.com.tr\/#\/schema\/person\/ce25ff78bd50c3fcd185fb298962da20"},"breadcrumb":{"@id":"https:\/\/millihaber.com.tr\/?p=12090#breadcrumb"},"inLanguage":"tr","potentialAction":[{"@type":"ReadAction","target":["https:\/\/millihaber.com.tr\/?p=12090"]}]},{"@type":"ImageObject","inLanguage":"tr","@id":"https:\/\/millihaber.com.tr\/?p=12090#primaryimage","url":"https:\/\/millihaber.com.tr\/wp-content\/uploads\/2024\/07\/0-85u7_cover-740x420.jpg","contentUrl":"https:\/\/millihaber.com.tr\/wp-content\/uploads\/2024\/07\/0-85u7_cover-740x420.jpg","width":1280,"height":720},{"@type":"BreadcrumbList","@id":"https:\/\/millihaber.com.tr\/?p=12090#breadcrumb","itemListElement":[{"@type":"ListItem","position":1,"name":"Anasayfa","item":"https:\/\/millihaber.com.tr\/"},{"@type":"ListItem","position":2,"name":"B\u00fct\u00e7e 6 ayda 747 milyar lira a\u00e7\u0131k verdi"}]},{"@type":"WebSite","@id":"https:\/\/millihaber.com.tr\/#website","url":"https:\/\/millihaber.com.tr\/","name":"Milli Haber","description":"Do\u011fru ve  tarafs\u0131z haber","potentialAction":[{"@type":"SearchAction","target":{"@type":"EntryPoint","urlTemplate":"https:\/\/millihaber.com.tr\/?s={search_term_string}"},"query-input":{"@type":"PropertyValueSpecification","valueRequired":true,"valueName":"search_term_string"}}],"inLanguage":"tr"},{"@type":"Person","@id":"https:\/\/millihaber.com.tr\/#\/schema\/person\/ce25ff78bd50c3fcd185fb298962da20","name":"admins","image":{"@type":"ImageObject","inLanguage":"tr","@id":"https:\/\/secure.gravatar.com\/avatar\/e0fedbe3a363c5c8caf2fc642ce571dbc8b817fe6496640b86a44caa33342477?s=96&d=mm&r=g","url":"https:\/\/secure.gravatar.com\/avatar\/e0fedbe3a363c5c8caf2fc642ce571dbc8b817fe6496640b86a44caa33342477?s=96&d=mm&r=g","contentUrl":"https:\/\/secure.gravatar.com\/avatar\/e0fedbe3a363c5c8caf2fc642ce571dbc8b817fe6496640b86a44caa33342477?s=96&d=mm&r=g","caption":"admins"},"sameAs":["https:\/\/millihaber.com.tr"],"url":"https:\/\/millihaber.com.tr\/?author=1"}]}},"_links":{"self":[{"href":"https:\/\/millihaber.com.tr\/index.php?rest_route=\/wp\/v2\/posts\/12090","targetHints":{"allow":["GET"]}}],"collection":[{"href":"https:\/\/millihaber.com.tr\/index.php?rest_route=\/wp\/v2\/posts"}],"about":[{"href":"https:\/\/millihaber.com.tr\/index.php?rest_route=\/wp\/v2\/types\/post"}],"author":[{"embeddable":true,"href":"https:\/\/millihaber.com.tr\/index.php?rest_route=\/wp\/v2\/users\/1"}],"replies":[{"embeddable":true,"href":"https:\/\/millihaber.com.tr\/index.php?rest_route=%2Fwp%2Fv2%2Fcomments&post=12090"}],"version-history":[{"count":0,"href":"https:\/\/millihaber.com.tr\/index.php?rest_route=\/wp\/v2\/posts\/12090\/revisions"}],"wp:featuredmedia":[{"embeddable":true,"href":"https:\/\/millihaber.com.tr\/index.php?rest_route=\/wp\/v2\/media\/12091"}],"wp:attachment":[{"href":"https:\/\/millihaber.com.tr\/index.php?rest_route=%2Fwp%2Fv2%2Fmedia&parent=12090"}],"wp:term":[{"taxonomy":"category","embeddable":true,"href":"https:\/\/millihaber.com.tr\/index.php?rest_route=%2Fwp%2Fv2%2Fcategories&post=12090"},{"taxonomy":"post_tag","embeddable":true,"href":"https:\/\/millihaber.com.tr\/index.php?rest_route=%2Fwp%2Fv2%2Ftags&post=12090"}],"curies":[{"name":"wp","href":"https:\/\/api.w.org\/{rel}","templated":true}]}}