{"id":13753,"date":"2024-08-22T06:43:00","date_gmt":"2024-08-22T06:43:00","guid":{"rendered":"https:\/\/millihaber.com.tr\/2024\/08\/22\/galatasarayda-kerem-akturkoglu-soku-kaptanligi-elinden-alindi-ilk-kez-young-boys-macinda-ortaya-cikti-yonetim-besiktas-faciasinin-faturasini-kesti\/"},"modified":"2024-08-22T06:43:00","modified_gmt":"2024-08-22T06:43:00","slug":"galatasarayda-kerem-akturkoglu-soku-kaptanligi-elinden-alindi-ilk-kez-young-boys-macinda-ortaya-cikti-yonetim-besiktas-faciasinin-faturasini-kesti","status":"publish","type":"post","link":"https:\/\/millihaber.com.tr\/?p=13753","title":{"rendered":"Galatasaray\u2019da Kerem Akt\u00fcrko\u011flu \u015foku! Kaptanl\u0131\u011f\u0131 elinden al\u0131nd\u0131, ilk kez Young Boys ma\u00e7\u0131nda ortaya \u00e7\u0131kt\u0131: Y\u00f6netim Be\u015fikta\u015f facias\u0131n\u0131n faturas\u0131n\u0131 kesti\u2026"},"content":{"rendered":"<p>Galatasaray\u2019\u0131n y\u0131ld\u0131z oyuncusu Kerem Akt\u00fcrko\u011flu hakk\u0131nda \u015fok ger\u00e7ek d\u00fcn gece oynanan Young Boys ma\u00e7\u0131nda ortaya \u00e7\u0131kt\u0131. Sar\u0131 k\u0131rm\u0131z\u0131l\u0131 tak\u0131m\u0131n Fernando Muslera\u2019dan sonra ikinci kaptan\u0131 konumundaki Kerem Akt\u00fcrko\u011flu\u2019ndan, Be\u015fikta\u015f facias\u0131ndan sonra kaptanl\u0131\u011f\u0131n al\u0131nd\u0131\u011f\u0131 \u00f6\u011frenildi.<\/p>\n","protected":false},"excerpt":{"rendered":"<p>Galatasaray\u2019\u0131n y\u0131ld\u0131z oyuncusu Kerem Akt\u00fcrko\u011flu hakk\u0131nda \u015fok ger\u00e7ek d\u00fcn gece oynanan Young Boys ma\u00e7\u0131nda ortaya \u00e7\u0131kt\u0131. Sar\u0131 k\u0131rm\u0131z\u0131l\u0131 tak\u0131m\u0131n Fernando Muslera\u2019dan sonra ikinci kaptan\u0131 konumundaki Kerem Akt\u00fcrko\u011flu\u2019ndan, Be\u015fikta\u015f facias\u0131ndan sonra kaptanl\u0131\u011f\u0131n al\u0131nd\u0131\u011f\u0131 \u00f6\u011frenildi.<\/p>\n","protected":false},"author":1,"featured_media":13754,"comment_status":"open","ping_status":"open","sticky":false,"template":"","format":"standard","meta":{"footnotes":""},"categories":[4,5],"tags":[],"class_list":["post-13753","post","type-post","status-publish","format-standard","has-post-thumbnail","hentry","category-genel","category-gundem"],"yoast_head":"<!-- This site is optimized with the Yoast SEO plugin v28.3 - https:\/\/yoast.com\/product\/yoast-seo-wordpress\/ -->\n<title>Galatasaray\u2019da Kerem Akt\u00fcrko\u011flu \u015foku! Kaptanl\u0131\u011f\u0131 elinden al\u0131nd\u0131, ilk kez Young Boys ma\u00e7\u0131nda ortaya \u00e7\u0131kt\u0131: Y\u00f6netim Be\u015fikta\u015f facias\u0131n\u0131n faturas\u0131n\u0131 kesti\u2026 - Milli Haber<\/title>\n<meta name=\"robots\" content=\"index, follow, max-snippet:-1, max-image-preview:large, max-video-preview:-1\" \/>\n<link rel=\"canonical\" href=\"https:\/\/millihaber.com.tr\/?p=13753\" \/>\n<meta property=\"og:locale\" content=\"tr_TR\" \/>\n<meta property=\"og:type\" content=\"article\" \/>\n<meta property=\"og:title\" content=\"Galatasaray\u2019da Kerem Akt\u00fcrko\u011flu \u015foku! Kaptanl\u0131\u011f\u0131 elinden al\u0131nd\u0131, ilk kez Young Boys ma\u00e7\u0131nda ortaya \u00e7\u0131kt\u0131: Y\u00f6netim Be\u015fikta\u015f facias\u0131n\u0131n faturas\u0131n\u0131 kesti\u2026 - Milli Haber\" \/>\n<meta property=\"og:description\" content=\"Galatasaray\u2019\u0131n y\u0131ld\u0131z oyuncusu Kerem Akt\u00fcrko\u011flu hakk\u0131nda \u015fok ger\u00e7ek d\u00fcn gece oynanan Young Boys ma\u00e7\u0131nda ortaya \u00e7\u0131kt\u0131. Sar\u0131 k\u0131rm\u0131z\u0131l\u0131 tak\u0131m\u0131n Fernando Muslera\u2019dan sonra ikinci kaptan\u0131 konumundaki Kerem Akt\u00fcrko\u011flu\u2019ndan, Be\u015fikta\u015f facias\u0131ndan sonra kaptanl\u0131\u011f\u0131n al\u0131nd\u0131\u011f\u0131 \u00f6\u011frenildi.\" \/>\n<meta property=\"og:url\" content=\"https:\/\/millihaber.com.tr\/?p=13753\" \/>\n<meta property=\"og:site_name\" content=\"Milli Haber\" \/>\n<meta property=\"article:published_time\" content=\"2024-08-22T06:43:00+00:00\" \/>\n<meta property=\"og:image\" content=\"https:\/\/millihaber.com.tr\/wp-content\/uploads\/2024\/08\/manset02-whuj_cover-740x420.jpg\" \/>\n\t<meta property=\"og:image:width\" content=\"1280\" \/>\n\t<meta property=\"og:image:height\" content=\"720\" \/>\n\t<meta property=\"og:image:type\" content=\"image\/jpeg\" \/>\n<meta name=\"author\" content=\"admins\" \/>\n<meta name=\"twitter:card\" content=\"summary_large_image\" \/>\n<meta name=\"twitter:label1\" content=\"Yazan:\" \/>\n\t<meta name=\"twitter:data1\" content=\"admins\" \/>\n<script type=\"application\/ld+json\" class=\"yoast-schema-graph\">{\"@context\":\"https:\\\/\\\/schema.org\",\"@graph\":[{\"@type\":\"Article\",\"@id\":\"https:\\\/\\\/millihaber.com.tr\\\/?p=13753#article\",\"isPartOf\":{\"@id\":\"https:\\\/\\\/millihaber.com.tr\\\/?p=13753\"},\"author\":{\"name\":\"admins\",\"@id\":\"https:\\\/\\\/millihaber.com.tr\\\/#\\\/schema\\\/person\\\/ce25ff78bd50c3fcd185fb298962da20\"},\"headline\":\"Galatasaray\u2019da Kerem Akt\u00fcrko\u011flu \u015foku! Kaptanl\u0131\u011f\u0131 elinden al\u0131nd\u0131, ilk kez Young Boys ma\u00e7\u0131nda ortaya \u00e7\u0131kt\u0131: Y\u00f6netim Be\u015fikta\u015f facias\u0131n\u0131n faturas\u0131n\u0131 kesti\u2026\",\"datePublished\":\"2024-08-22T06:43:00+00:00\",\"mainEntityOfPage\":{\"@id\":\"https:\\\/\\\/millihaber.com.tr\\\/?p=13753\"},\"wordCount\":84,\"commentCount\":0,\"image\":{\"@id\":\"https:\\\/\\\/millihaber.com.tr\\\/?p=13753#primaryimage\"},\"thumbnailUrl\":\"https:\\\/\\\/millihaber.com.tr\\\/wp-content\\\/uploads\\\/2024\\\/08\\\/manset02-whuj_cover-740x420.jpg\",\"articleSection\":{\"1\":\"G\u00fcndem\"},\"inLanguage\":\"tr\",\"potentialAction\":[{\"@type\":\"CommentAction\",\"name\":\"Comment\",\"target\":[\"https:\\\/\\\/millihaber.com.tr\\\/?p=13753#respond\"]}]},{\"@type\":\"WebPage\",\"@id\":\"https:\\\/\\\/millihaber.com.tr\\\/?p=13753\",\"url\":\"https:\\\/\\\/millihaber.com.tr\\\/?p=13753\",\"name\":\"Galatasaray\u2019da Kerem Akt\u00fcrko\u011flu \u015foku! Kaptanl\u0131\u011f\u0131 elinden al\u0131nd\u0131, ilk kez Young Boys ma\u00e7\u0131nda ortaya \u00e7\u0131kt\u0131: Y\u00f6netim Be\u015fikta\u015f facias\u0131n\u0131n faturas\u0131n\u0131 kesti\u2026 - Milli Haber\",\"isPartOf\":{\"@id\":\"https:\\\/\\\/millihaber.com.tr\\\/#website\"},\"primaryImageOfPage\":{\"@id\":\"https:\\\/\\\/millihaber.com.tr\\\/?p=13753#primaryimage\"},\"image\":{\"@id\":\"https:\\\/\\\/millihaber.com.tr\\\/?p=13753#primaryimage\"},\"thumbnailUrl\":\"https:\\\/\\\/millihaber.com.tr\\\/wp-content\\\/uploads\\\/2024\\\/08\\\/manset02-whuj_cover-740x420.jpg\",\"datePublished\":\"2024-08-22T06:43:00+00:00\",\"author\":{\"@id\":\"https:\\\/\\\/millihaber.com.tr\\\/#\\\/schema\\\/person\\\/ce25ff78bd50c3fcd185fb298962da20\"},\"breadcrumb\":{\"@id\":\"https:\\\/\\\/millihaber.com.tr\\\/?p=13753#breadcrumb\"},\"inLanguage\":\"tr\",\"potentialAction\":[{\"@type\":\"ReadAction\",\"target\":[\"https:\\\/\\\/millihaber.com.tr\\\/?p=13753\"]}]},{\"@type\":\"ImageObject\",\"inLanguage\":\"tr\",\"@id\":\"https:\\\/\\\/millihaber.com.tr\\\/?p=13753#primaryimage\",\"url\":\"https:\\\/\\\/millihaber.com.tr\\\/wp-content\\\/uploads\\\/2024\\\/08\\\/manset02-whuj_cover-740x420.jpg\",\"contentUrl\":\"https:\\\/\\\/millihaber.com.tr\\\/wp-content\\\/uploads\\\/2024\\\/08\\\/manset02-whuj_cover-740x420.jpg\",\"width\":1280,\"height\":720},{\"@type\":\"BreadcrumbList\",\"@id\":\"https:\\\/\\\/millihaber.com.tr\\\/?p=13753#breadcrumb\",\"itemListElement\":[{\"@type\":\"ListItem\",\"position\":1,\"name\":\"Anasayfa\",\"item\":\"https:\\\/\\\/millihaber.com.tr\\\/\"},{\"@type\":\"ListItem\",\"position\":2,\"name\":\"Galatasaray\u2019da Kerem Akt\u00fcrko\u011flu \u015foku! Kaptanl\u0131\u011f\u0131 elinden al\u0131nd\u0131, ilk kez Young Boys ma\u00e7\u0131nda ortaya \u00e7\u0131kt\u0131: Y\u00f6netim Be\u015fikta\u015f facias\u0131n\u0131n faturas\u0131n\u0131 kesti\u2026\"}]},{\"@type\":\"WebSite\",\"@id\":\"https:\\\/\\\/millihaber.com.tr\\\/#website\",\"url\":\"https:\\\/\\\/millihaber.com.tr\\\/\",\"name\":\"Milli Haber\",\"description\":\"Do\u011fru ve  tarafs\u0131z haber\",\"potentialAction\":[{\"@type\":\"SearchAction\",\"target\":{\"@type\":\"EntryPoint\",\"urlTemplate\":\"https:\\\/\\\/millihaber.com.tr\\\/?s={search_term_string}\"},\"query-input\":{\"@type\":\"PropertyValueSpecification\",\"valueRequired\":true,\"valueName\":\"search_term_string\"}}],\"inLanguage\":\"tr\"},{\"@type\":\"Person\",\"@id\":\"https:\\\/\\\/millihaber.com.tr\\\/#\\\/schema\\\/person\\\/ce25ff78bd50c3fcd185fb298962da20\",\"name\":\"admins\",\"image\":{\"@type\":\"ImageObject\",\"inLanguage\":\"tr\",\"@id\":\"https:\\\/\\\/secure.gravatar.com\\\/avatar\\\/e0fedbe3a363c5c8caf2fc642ce571dbc8b817fe6496640b86a44caa33342477?s=96&d=mm&r=g\",\"url\":\"https:\\\/\\\/secure.gravatar.com\\\/avatar\\\/e0fedbe3a363c5c8caf2fc642ce571dbc8b817fe6496640b86a44caa33342477?s=96&d=mm&r=g\",\"contentUrl\":\"https:\\\/\\\/secure.gravatar.com\\\/avatar\\\/e0fedbe3a363c5c8caf2fc642ce571dbc8b817fe6496640b86a44caa33342477?s=96&d=mm&r=g\",\"caption\":\"admins\"},\"sameAs\":[\"https:\\\/\\\/millihaber.com.tr\"],\"url\":\"https:\\\/\\\/millihaber.com.tr\\\/?author=1\"}]}<\/script>\n<!-- \/ Yoast SEO plugin. -->","yoast_head_json":{"title":"Galatasaray\u2019da Kerem Akt\u00fcrko\u011flu \u015foku! Kaptanl\u0131\u011f\u0131 elinden al\u0131nd\u0131, ilk kez Young Boys ma\u00e7\u0131nda ortaya \u00e7\u0131kt\u0131: Y\u00f6netim Be\u015fikta\u015f facias\u0131n\u0131n faturas\u0131n\u0131 kesti\u2026 - Milli Haber","robots":{"index":"index","follow":"follow","max-snippet":"max-snippet:-1","max-image-preview":"max-image-preview:large","max-video-preview":"max-video-preview:-1"},"canonical":"https:\/\/millihaber.com.tr\/?p=13753","og_locale":"tr_TR","og_type":"article","og_title":"Galatasaray\u2019da Kerem Akt\u00fcrko\u011flu \u015foku! Kaptanl\u0131\u011f\u0131 elinden al\u0131nd\u0131, ilk kez Young Boys ma\u00e7\u0131nda ortaya \u00e7\u0131kt\u0131: Y\u00f6netim Be\u015fikta\u015f facias\u0131n\u0131n faturas\u0131n\u0131 kesti\u2026 - Milli Haber","og_description":"Galatasaray\u2019\u0131n y\u0131ld\u0131z oyuncusu Kerem Akt\u00fcrko\u011flu hakk\u0131nda \u015fok ger\u00e7ek d\u00fcn gece oynanan Young Boys ma\u00e7\u0131nda ortaya \u00e7\u0131kt\u0131. Sar\u0131 k\u0131rm\u0131z\u0131l\u0131 tak\u0131m\u0131n Fernando Muslera\u2019dan sonra ikinci kaptan\u0131 konumundaki Kerem Akt\u00fcrko\u011flu\u2019ndan, Be\u015fikta\u015f facias\u0131ndan sonra kaptanl\u0131\u011f\u0131n al\u0131nd\u0131\u011f\u0131 \u00f6\u011frenildi.","og_url":"https:\/\/millihaber.com.tr\/?p=13753","og_site_name":"Milli Haber","article_published_time":"2024-08-22T06:43:00+00:00","og_image":[{"width":1280,"height":720,"url":"https:\/\/millihaber.com.tr\/wp-content\/uploads\/2024\/08\/manset02-whuj_cover-740x420.jpg","type":"image\/jpeg"}],"author":"admins","twitter_card":"summary_large_image","twitter_misc":{"Yazan:":"admins"},"schema":{"@context":"https:\/\/schema.org","@graph":[{"@type":"Article","@id":"https:\/\/millihaber.com.tr\/?p=13753#article","isPartOf":{"@id":"https:\/\/millihaber.com.tr\/?p=13753"},"author":{"name":"admins","@id":"https:\/\/millihaber.com.tr\/#\/schema\/person\/ce25ff78bd50c3fcd185fb298962da20"},"headline":"Galatasaray\u2019da Kerem Akt\u00fcrko\u011flu \u015foku! Kaptanl\u0131\u011f\u0131 elinden al\u0131nd\u0131, ilk kez Young Boys ma\u00e7\u0131nda ortaya \u00e7\u0131kt\u0131: Y\u00f6netim Be\u015fikta\u015f facias\u0131n\u0131n faturas\u0131n\u0131 kesti\u2026","datePublished":"2024-08-22T06:43:00+00:00","mainEntityOfPage":{"@id":"https:\/\/millihaber.com.tr\/?p=13753"},"wordCount":84,"commentCount":0,"image":{"@id":"https:\/\/millihaber.com.tr\/?p=13753#primaryimage"},"thumbnailUrl":"https:\/\/millihaber.com.tr\/wp-content\/uploads\/2024\/08\/manset02-whuj_cover-740x420.jpg","articleSection":{"1":"G\u00fcndem"},"inLanguage":"tr","potentialAction":[{"@type":"CommentAction","name":"Comment","target":["https:\/\/millihaber.com.tr\/?p=13753#respond"]}]},{"@type":"WebPage","@id":"https:\/\/millihaber.com.tr\/?p=13753","url":"https:\/\/millihaber.com.tr\/?p=13753","name":"Galatasaray\u2019da Kerem Akt\u00fcrko\u011flu \u015foku! Kaptanl\u0131\u011f\u0131 elinden al\u0131nd\u0131, ilk kez Young Boys ma\u00e7\u0131nda ortaya \u00e7\u0131kt\u0131: Y\u00f6netim Be\u015fikta\u015f facias\u0131n\u0131n faturas\u0131n\u0131 kesti\u2026 - Milli Haber","isPartOf":{"@id":"https:\/\/millihaber.com.tr\/#website"},"primaryImageOfPage":{"@id":"https:\/\/millihaber.com.tr\/?p=13753#primaryimage"},"image":{"@id":"https:\/\/millihaber.com.tr\/?p=13753#primaryimage"},"thumbnailUrl":"https:\/\/millihaber.com.tr\/wp-content\/uploads\/2024\/08\/manset02-whuj_cover-740x420.jpg","datePublished":"2024-08-22T06:43:00+00:00","author":{"@id":"https:\/\/millihaber.com.tr\/#\/schema\/person\/ce25ff78bd50c3fcd185fb298962da20"},"breadcrumb":{"@id":"https:\/\/millihaber.com.tr\/?p=13753#breadcrumb"},"inLanguage":"tr","potentialAction":[{"@type":"ReadAction","target":["https:\/\/millihaber.com.tr\/?p=13753"]}]},{"@type":"ImageObject","inLanguage":"tr","@id":"https:\/\/millihaber.com.tr\/?p=13753#primaryimage","url":"https:\/\/millihaber.com.tr\/wp-content\/uploads\/2024\/08\/manset02-whuj_cover-740x420.jpg","contentUrl":"https:\/\/millihaber.com.tr\/wp-content\/uploads\/2024\/08\/manset02-whuj_cover-740x420.jpg","width":1280,"height":720},{"@type":"BreadcrumbList","@id":"https:\/\/millihaber.com.tr\/?p=13753#breadcrumb","itemListElement":[{"@type":"ListItem","position":1,"name":"Anasayfa","item":"https:\/\/millihaber.com.tr\/"},{"@type":"ListItem","position":2,"name":"Galatasaray\u2019da Kerem Akt\u00fcrko\u011flu \u015foku! Kaptanl\u0131\u011f\u0131 elinden al\u0131nd\u0131, ilk kez Young Boys ma\u00e7\u0131nda ortaya \u00e7\u0131kt\u0131: Y\u00f6netim Be\u015fikta\u015f facias\u0131n\u0131n faturas\u0131n\u0131 kesti\u2026"}]},{"@type":"WebSite","@id":"https:\/\/millihaber.com.tr\/#website","url":"https:\/\/millihaber.com.tr\/","name":"Milli Haber","description":"Do\u011fru ve  tarafs\u0131z haber","potentialAction":[{"@type":"SearchAction","target":{"@type":"EntryPoint","urlTemplate":"https:\/\/millihaber.com.tr\/?s={search_term_string}"},"query-input":{"@type":"PropertyValueSpecification","valueRequired":true,"valueName":"search_term_string"}}],"inLanguage":"tr"},{"@type":"Person","@id":"https:\/\/millihaber.com.tr\/#\/schema\/person\/ce25ff78bd50c3fcd185fb298962da20","name":"admins","image":{"@type":"ImageObject","inLanguage":"tr","@id":"https:\/\/secure.gravatar.com\/avatar\/e0fedbe3a363c5c8caf2fc642ce571dbc8b817fe6496640b86a44caa33342477?s=96&d=mm&r=g","url":"https:\/\/secure.gravatar.com\/avatar\/e0fedbe3a363c5c8caf2fc642ce571dbc8b817fe6496640b86a44caa33342477?s=96&d=mm&r=g","contentUrl":"https:\/\/secure.gravatar.com\/avatar\/e0fedbe3a363c5c8caf2fc642ce571dbc8b817fe6496640b86a44caa33342477?s=96&d=mm&r=g","caption":"admins"},"sameAs":["https:\/\/millihaber.com.tr"],"url":"https:\/\/millihaber.com.tr\/?author=1"}]}},"_links":{"self":[{"href":"https:\/\/millihaber.com.tr\/index.php?rest_route=\/wp\/v2\/posts\/13753","targetHints":{"allow":["GET"]}}],"collection":[{"href":"https:\/\/millihaber.com.tr\/index.php?rest_route=\/wp\/v2\/posts"}],"about":[{"href":"https:\/\/millihaber.com.tr\/index.php?rest_route=\/wp\/v2\/types\/post"}],"author":[{"embeddable":true,"href":"https:\/\/millihaber.com.tr\/index.php?rest_route=\/wp\/v2\/users\/1"}],"replies":[{"embeddable":true,"href":"https:\/\/millihaber.com.tr\/index.php?rest_route=%2Fwp%2Fv2%2Fcomments&post=13753"}],"version-history":[{"count":0,"href":"https:\/\/millihaber.com.tr\/index.php?rest_route=\/wp\/v2\/posts\/13753\/revisions"}],"wp:featuredmedia":[{"embeddable":true,"href":"https:\/\/millihaber.com.tr\/index.php?rest_route=\/wp\/v2\/media\/13754"}],"wp:attachment":[{"href":"https:\/\/millihaber.com.tr\/index.php?rest_route=%2Fwp%2Fv2%2Fmedia&parent=13753"}],"wp:term":[{"taxonomy":"category","embeddable":true,"href":"https:\/\/millihaber.com.tr\/index.php?rest_route=%2Fwp%2Fv2%2Fcategories&post=13753"},{"taxonomy":"post_tag","embeddable":true,"href":"https:\/\/millihaber.com.tr\/index.php?rest_route=%2Fwp%2Fv2%2Ftags&post=13753"}],"curies":[{"name":"wp","href":"https:\/\/api.w.org\/{rel}","templated":true}]}}