{"id":13761,"date":"2024-08-22T10:16:00","date_gmt":"2024-08-22T10:16:00","guid":{"rendered":"https:\/\/millihaber.com.tr\/2024\/08\/22\/reha-muhtarin-oglu-gercekleri-anlatti-yalani-elinde-patlayan-deniz-ugur-butun-suclayici-aciklamalarini-sildi\/"},"modified":"2024-08-22T10:16:00","modified_gmt":"2024-08-22T10:16:00","slug":"reha-muhtarin-oglu-gercekleri-anlatti-yalani-elinde-patlayan-deniz-ugur-butun-suclayici-aciklamalarini-sildi","status":"publish","type":"post","link":"https:\/\/millihaber.com.tr\/?p=13761","title":{"rendered":"Reha Muhtar&#039;\u0131n o\u011flu ger\u00e7ekleri anlatt\u0131! Yalan\u0131 elinde patlayan Deniz U\u011fur b\u00fct\u00fcn su\u00e7lay\u0131c\u0131 a\u00e7\u0131klamalar\u0131n\u0131 sildi"},"content":{"rendered":"<p>Reha Muhtar, d\u00fc\u015fme sonucu hastaneye kald\u0131r\u0131ld\u0131 ve ent\u00fcbe edildi. Muhtar\u2019\u0131n ikizlerinin annesi Deniz U\u011fur, o\u011flu Poyraz\u2019\u0131n bu s\u00fcre\u00e7te kendisine g\u00f6sterilmedi\u011fini, o\u011flunun Nil\u00fcfer ve k\u0131z\u0131 Ay\u015fe Nazl\u0131 taraf\u0131ndan al\u0131konuldu\u011funu iddia etmi\u015fti. Reha Muhtar&#8217;\u0131n o\u011flu Poyraz yay\u0131nlad\u0131\u011f\u0131 video ile ger\u00e7ekleri anlatt\u0131. Yalan\u0131 elinde patlayan Deniz U\u011fur, sosyal medya hesab\u0131ndan b\u00fct\u00fcn su\u00e7lay\u0131c\u0131 a\u00e7\u0131klamalar\u0131n\u0131 sildi.<\/p>\n","protected":false},"excerpt":{"rendered":"<p>Reha Muhtar, d\u00fc\u015fme sonucu hastaneye kald\u0131r\u0131ld\u0131 ve ent\u00fcbe edildi. Muhtar\u2019\u0131n ikizlerinin annesi Deniz U\u011fur, o\u011flu Poyraz\u2019\u0131n bu s\u00fcre\u00e7te kendisine g\u00f6sterilmedi\u011fini, o\u011flunun Nil\u00fcfer ve k\u0131z\u0131 Ay\u015fe Nazl\u0131 taraf\u0131ndan al\u0131konuldu\u011funu iddia etmi\u015fti. Reha Muhtar&#8217;\u0131n o\u011flu Poyraz yay\u0131nlad\u0131\u011f\u0131 video ile ger\u00e7ekleri anlatt\u0131. Yalan\u0131 elinde patlayan Deniz U\u011fur, sosyal medya hesab\u0131ndan b\u00fct\u00fcn su\u00e7lay\u0131c\u0131 a\u00e7\u0131klamalar\u0131n\u0131 sildi.<\/p>\n","protected":false},"author":1,"featured_media":13762,"comment_status":"open","ping_status":"open","sticky":false,"template":"","format":"standard","meta":{"footnotes":""},"categories":[4,5],"tags":[],"class_list":["post-13761","post","type-post","status-publish","format-standard","has-post-thumbnail","hentry","category-genel","category-gundem"],"yoast_head":"<!-- This site is optimized with the Yoast SEO plugin v28.3 - https:\/\/yoast.com\/product\/yoast-seo-wordpress\/ -->\n<title>Reha Muhtar&#039;\u0131n o\u011flu ger\u00e7ekleri anlatt\u0131! Yalan\u0131 elinde patlayan Deniz U\u011fur b\u00fct\u00fcn su\u00e7lay\u0131c\u0131 a\u00e7\u0131klamalar\u0131n\u0131 sildi - Milli Haber<\/title>\n<meta name=\"robots\" content=\"index, follow, max-snippet:-1, max-image-preview:large, max-video-preview:-1\" \/>\n<link rel=\"canonical\" href=\"https:\/\/millihaber.com.tr\/?p=13761\" \/>\n<meta property=\"og:locale\" content=\"tr_TR\" \/>\n<meta property=\"og:type\" content=\"article\" \/>\n<meta property=\"og:title\" content=\"Reha Muhtar&#039;\u0131n o\u011flu ger\u00e7ekleri anlatt\u0131! Yalan\u0131 elinde patlayan Deniz U\u011fur b\u00fct\u00fcn su\u00e7lay\u0131c\u0131 a\u00e7\u0131klamalar\u0131n\u0131 sildi - Milli Haber\" \/>\n<meta property=\"og:description\" content=\"Reha Muhtar, d\u00fc\u015fme sonucu hastaneye kald\u0131r\u0131ld\u0131 ve ent\u00fcbe edildi. Muhtar\u2019\u0131n ikizlerinin annesi Deniz U\u011fur, o\u011flu Poyraz\u2019\u0131n bu s\u00fcre\u00e7te kendisine g\u00f6sterilmedi\u011fini, o\u011flunun Nil\u00fcfer ve k\u0131z\u0131 Ay\u015fe Nazl\u0131 taraf\u0131ndan al\u0131konuldu\u011funu iddia etmi\u015fti. Reha Muhtar&#8217;\u0131n o\u011flu Poyraz yay\u0131nlad\u0131\u011f\u0131 video ile ger\u00e7ekleri anlatt\u0131. Yalan\u0131 elinde patlayan Deniz U\u011fur, sosyal medya hesab\u0131ndan b\u00fct\u00fcn su\u00e7lay\u0131c\u0131 a\u00e7\u0131klamalar\u0131n\u0131 sildi.\" \/>\n<meta property=\"og:url\" content=\"https:\/\/millihaber.com.tr\/?p=13761\" \/>\n<meta property=\"og:site_name\" content=\"Milli Haber\" \/>\n<meta property=\"article:published_time\" content=\"2024-08-22T10:16:00+00:00\" \/>\n<meta property=\"og:image\" content=\"https:\/\/millihaber.com.tr\/wp-content\/uploads\/2024\/08\/reha-muhtarin-oglu-gercekleri-anla-fuia_cover-740x420.png\" \/>\n\t<meta property=\"og:image:width\" content=\"1280\" \/>\n\t<meta property=\"og:image:height\" content=\"720\" \/>\n\t<meta property=\"og:image:type\" content=\"image\/png\" \/>\n<meta name=\"author\" content=\"admins\" \/>\n<meta name=\"twitter:card\" content=\"summary_large_image\" \/>\n<meta name=\"twitter:label1\" content=\"Yazan:\" \/>\n\t<meta name=\"twitter:data1\" content=\"admins\" \/>\n<script type=\"application\/ld+json\" class=\"yoast-schema-graph\">{\"@context\":\"https:\\\/\\\/schema.org\",\"@graph\":[{\"@type\":\"Article\",\"@id\":\"https:\\\/\\\/millihaber.com.tr\\\/?p=13761#article\",\"isPartOf\":{\"@id\":\"https:\\\/\\\/millihaber.com.tr\\\/?p=13761\"},\"author\":{\"name\":\"admins\",\"@id\":\"https:\\\/\\\/millihaber.com.tr\\\/#\\\/schema\\\/person\\\/ce25ff78bd50c3fcd185fb298962da20\"},\"headline\":\"Reha Muhtar&#039;\u0131n o\u011flu ger\u00e7ekleri anlatt\u0131! Yalan\u0131 elinde patlayan Deniz U\u011fur b\u00fct\u00fcn su\u00e7lay\u0131c\u0131 a\u00e7\u0131klamalar\u0131n\u0131 sildi\",\"datePublished\":\"2024-08-22T10:16:00+00:00\",\"mainEntityOfPage\":{\"@id\":\"https:\\\/\\\/millihaber.com.tr\\\/?p=13761\"},\"wordCount\":107,\"commentCount\":0,\"image\":{\"@id\":\"https:\\\/\\\/millihaber.com.tr\\\/?p=13761#primaryimage\"},\"thumbnailUrl\":\"https:\\\/\\\/millihaber.com.tr\\\/wp-content\\\/uploads\\\/2024\\\/08\\\/reha-muhtarin-oglu-gercekleri-anla-fuia_cover-740x420.png\",\"articleSection\":{\"1\":\"G\u00fcndem\"},\"inLanguage\":\"tr\",\"potentialAction\":[{\"@type\":\"CommentAction\",\"name\":\"Comment\",\"target\":[\"https:\\\/\\\/millihaber.com.tr\\\/?p=13761#respond\"]}]},{\"@type\":\"WebPage\",\"@id\":\"https:\\\/\\\/millihaber.com.tr\\\/?p=13761\",\"url\":\"https:\\\/\\\/millihaber.com.tr\\\/?p=13761\",\"name\":\"Reha Muhtar&#039;\u0131n o\u011flu ger\u00e7ekleri anlatt\u0131! Yalan\u0131 elinde patlayan Deniz U\u011fur b\u00fct\u00fcn su\u00e7lay\u0131c\u0131 a\u00e7\u0131klamalar\u0131n\u0131 sildi - Milli Haber\",\"isPartOf\":{\"@id\":\"https:\\\/\\\/millihaber.com.tr\\\/#website\"},\"primaryImageOfPage\":{\"@id\":\"https:\\\/\\\/millihaber.com.tr\\\/?p=13761#primaryimage\"},\"image\":{\"@id\":\"https:\\\/\\\/millihaber.com.tr\\\/?p=13761#primaryimage\"},\"thumbnailUrl\":\"https:\\\/\\\/millihaber.com.tr\\\/wp-content\\\/uploads\\\/2024\\\/08\\\/reha-muhtarin-oglu-gercekleri-anla-fuia_cover-740x420.png\",\"datePublished\":\"2024-08-22T10:16:00+00:00\",\"author\":{\"@id\":\"https:\\\/\\\/millihaber.com.tr\\\/#\\\/schema\\\/person\\\/ce25ff78bd50c3fcd185fb298962da20\"},\"breadcrumb\":{\"@id\":\"https:\\\/\\\/millihaber.com.tr\\\/?p=13761#breadcrumb\"},\"inLanguage\":\"tr\",\"potentialAction\":[{\"@type\":\"ReadAction\",\"target\":[\"https:\\\/\\\/millihaber.com.tr\\\/?p=13761\"]}]},{\"@type\":\"ImageObject\",\"inLanguage\":\"tr\",\"@id\":\"https:\\\/\\\/millihaber.com.tr\\\/?p=13761#primaryimage\",\"url\":\"https:\\\/\\\/millihaber.com.tr\\\/wp-content\\\/uploads\\\/2024\\\/08\\\/reha-muhtarin-oglu-gercekleri-anla-fuia_cover-740x420.png\",\"contentUrl\":\"https:\\\/\\\/millihaber.com.tr\\\/wp-content\\\/uploads\\\/2024\\\/08\\\/reha-muhtarin-oglu-gercekleri-anla-fuia_cover-740x420.png\",\"width\":1280,\"height\":720},{\"@type\":\"BreadcrumbList\",\"@id\":\"https:\\\/\\\/millihaber.com.tr\\\/?p=13761#breadcrumb\",\"itemListElement\":[{\"@type\":\"ListItem\",\"position\":1,\"name\":\"Anasayfa\",\"item\":\"https:\\\/\\\/millihaber.com.tr\\\/\"},{\"@type\":\"ListItem\",\"position\":2,\"name\":\"Reha Muhtar&#039;\u0131n o\u011flu ger\u00e7ekleri anlatt\u0131! Yalan\u0131 elinde patlayan Deniz U\u011fur b\u00fct\u00fcn su\u00e7lay\u0131c\u0131 a\u00e7\u0131klamalar\u0131n\u0131 sildi\"}]},{\"@type\":\"WebSite\",\"@id\":\"https:\\\/\\\/millihaber.com.tr\\\/#website\",\"url\":\"https:\\\/\\\/millihaber.com.tr\\\/\",\"name\":\"Milli Haber\",\"description\":\"Do\u011fru ve  tarafs\u0131z haber\",\"potentialAction\":[{\"@type\":\"SearchAction\",\"target\":{\"@type\":\"EntryPoint\",\"urlTemplate\":\"https:\\\/\\\/millihaber.com.tr\\\/?s={search_term_string}\"},\"query-input\":{\"@type\":\"PropertyValueSpecification\",\"valueRequired\":true,\"valueName\":\"search_term_string\"}}],\"inLanguage\":\"tr\"},{\"@type\":\"Person\",\"@id\":\"https:\\\/\\\/millihaber.com.tr\\\/#\\\/schema\\\/person\\\/ce25ff78bd50c3fcd185fb298962da20\",\"name\":\"admins\",\"image\":{\"@type\":\"ImageObject\",\"inLanguage\":\"tr\",\"@id\":\"https:\\\/\\\/secure.gravatar.com\\\/avatar\\\/e0fedbe3a363c5c8caf2fc642ce571dbc8b817fe6496640b86a44caa33342477?s=96&d=mm&r=g\",\"url\":\"https:\\\/\\\/secure.gravatar.com\\\/avatar\\\/e0fedbe3a363c5c8caf2fc642ce571dbc8b817fe6496640b86a44caa33342477?s=96&d=mm&r=g\",\"contentUrl\":\"https:\\\/\\\/secure.gravatar.com\\\/avatar\\\/e0fedbe3a363c5c8caf2fc642ce571dbc8b817fe6496640b86a44caa33342477?s=96&d=mm&r=g\",\"caption\":\"admins\"},\"sameAs\":[\"https:\\\/\\\/millihaber.com.tr\"],\"url\":\"https:\\\/\\\/millihaber.com.tr\\\/?author=1\"}]}<\/script>\n<!-- \/ Yoast SEO plugin. -->","yoast_head_json":{"title":"Reha Muhtar&#039;\u0131n o\u011flu ger\u00e7ekleri anlatt\u0131! Yalan\u0131 elinde patlayan Deniz U\u011fur b\u00fct\u00fcn su\u00e7lay\u0131c\u0131 a\u00e7\u0131klamalar\u0131n\u0131 sildi - Milli Haber","robots":{"index":"index","follow":"follow","max-snippet":"max-snippet:-1","max-image-preview":"max-image-preview:large","max-video-preview":"max-video-preview:-1"},"canonical":"https:\/\/millihaber.com.tr\/?p=13761","og_locale":"tr_TR","og_type":"article","og_title":"Reha Muhtar&#039;\u0131n o\u011flu ger\u00e7ekleri anlatt\u0131! Yalan\u0131 elinde patlayan Deniz U\u011fur b\u00fct\u00fcn su\u00e7lay\u0131c\u0131 a\u00e7\u0131klamalar\u0131n\u0131 sildi - Milli Haber","og_description":"Reha Muhtar, d\u00fc\u015fme sonucu hastaneye kald\u0131r\u0131ld\u0131 ve ent\u00fcbe edildi. Muhtar\u2019\u0131n ikizlerinin annesi Deniz U\u011fur, o\u011flu Poyraz\u2019\u0131n bu s\u00fcre\u00e7te kendisine g\u00f6sterilmedi\u011fini, o\u011flunun Nil\u00fcfer ve k\u0131z\u0131 Ay\u015fe Nazl\u0131 taraf\u0131ndan al\u0131konuldu\u011funu iddia etmi\u015fti. Reha Muhtar&#8217;\u0131n o\u011flu Poyraz yay\u0131nlad\u0131\u011f\u0131 video ile ger\u00e7ekleri anlatt\u0131. Yalan\u0131 elinde patlayan Deniz U\u011fur, sosyal medya hesab\u0131ndan b\u00fct\u00fcn su\u00e7lay\u0131c\u0131 a\u00e7\u0131klamalar\u0131n\u0131 sildi.","og_url":"https:\/\/millihaber.com.tr\/?p=13761","og_site_name":"Milli Haber","article_published_time":"2024-08-22T10:16:00+00:00","og_image":[{"width":1280,"height":720,"url":"https:\/\/millihaber.com.tr\/wp-content\/uploads\/2024\/08\/reha-muhtarin-oglu-gercekleri-anla-fuia_cover-740x420.png","type":"image\/png"}],"author":"admins","twitter_card":"summary_large_image","twitter_misc":{"Yazan:":"admins"},"schema":{"@context":"https:\/\/schema.org","@graph":[{"@type":"Article","@id":"https:\/\/millihaber.com.tr\/?p=13761#article","isPartOf":{"@id":"https:\/\/millihaber.com.tr\/?p=13761"},"author":{"name":"admins","@id":"https:\/\/millihaber.com.tr\/#\/schema\/person\/ce25ff78bd50c3fcd185fb298962da20"},"headline":"Reha Muhtar&#039;\u0131n o\u011flu ger\u00e7ekleri anlatt\u0131! Yalan\u0131 elinde patlayan Deniz U\u011fur b\u00fct\u00fcn su\u00e7lay\u0131c\u0131 a\u00e7\u0131klamalar\u0131n\u0131 sildi","datePublished":"2024-08-22T10:16:00+00:00","mainEntityOfPage":{"@id":"https:\/\/millihaber.com.tr\/?p=13761"},"wordCount":107,"commentCount":0,"image":{"@id":"https:\/\/millihaber.com.tr\/?p=13761#primaryimage"},"thumbnailUrl":"https:\/\/millihaber.com.tr\/wp-content\/uploads\/2024\/08\/reha-muhtarin-oglu-gercekleri-anla-fuia_cover-740x420.png","articleSection":{"1":"G\u00fcndem"},"inLanguage":"tr","potentialAction":[{"@type":"CommentAction","name":"Comment","target":["https:\/\/millihaber.com.tr\/?p=13761#respond"]}]},{"@type":"WebPage","@id":"https:\/\/millihaber.com.tr\/?p=13761","url":"https:\/\/millihaber.com.tr\/?p=13761","name":"Reha Muhtar&#039;\u0131n o\u011flu ger\u00e7ekleri anlatt\u0131! Yalan\u0131 elinde patlayan Deniz U\u011fur b\u00fct\u00fcn su\u00e7lay\u0131c\u0131 a\u00e7\u0131klamalar\u0131n\u0131 sildi - Milli Haber","isPartOf":{"@id":"https:\/\/millihaber.com.tr\/#website"},"primaryImageOfPage":{"@id":"https:\/\/millihaber.com.tr\/?p=13761#primaryimage"},"image":{"@id":"https:\/\/millihaber.com.tr\/?p=13761#primaryimage"},"thumbnailUrl":"https:\/\/millihaber.com.tr\/wp-content\/uploads\/2024\/08\/reha-muhtarin-oglu-gercekleri-anla-fuia_cover-740x420.png","datePublished":"2024-08-22T10:16:00+00:00","author":{"@id":"https:\/\/millihaber.com.tr\/#\/schema\/person\/ce25ff78bd50c3fcd185fb298962da20"},"breadcrumb":{"@id":"https:\/\/millihaber.com.tr\/?p=13761#breadcrumb"},"inLanguage":"tr","potentialAction":[{"@type":"ReadAction","target":["https:\/\/millihaber.com.tr\/?p=13761"]}]},{"@type":"ImageObject","inLanguage":"tr","@id":"https:\/\/millihaber.com.tr\/?p=13761#primaryimage","url":"https:\/\/millihaber.com.tr\/wp-content\/uploads\/2024\/08\/reha-muhtarin-oglu-gercekleri-anla-fuia_cover-740x420.png","contentUrl":"https:\/\/millihaber.com.tr\/wp-content\/uploads\/2024\/08\/reha-muhtarin-oglu-gercekleri-anla-fuia_cover-740x420.png","width":1280,"height":720},{"@type":"BreadcrumbList","@id":"https:\/\/millihaber.com.tr\/?p=13761#breadcrumb","itemListElement":[{"@type":"ListItem","position":1,"name":"Anasayfa","item":"https:\/\/millihaber.com.tr\/"},{"@type":"ListItem","position":2,"name":"Reha Muhtar&#039;\u0131n o\u011flu ger\u00e7ekleri anlatt\u0131! Yalan\u0131 elinde patlayan Deniz U\u011fur b\u00fct\u00fcn su\u00e7lay\u0131c\u0131 a\u00e7\u0131klamalar\u0131n\u0131 sildi"}]},{"@type":"WebSite","@id":"https:\/\/millihaber.com.tr\/#website","url":"https:\/\/millihaber.com.tr\/","name":"Milli Haber","description":"Do\u011fru ve  tarafs\u0131z haber","potentialAction":[{"@type":"SearchAction","target":{"@type":"EntryPoint","urlTemplate":"https:\/\/millihaber.com.tr\/?s={search_term_string}"},"query-input":{"@type":"PropertyValueSpecification","valueRequired":true,"valueName":"search_term_string"}}],"inLanguage":"tr"},{"@type":"Person","@id":"https:\/\/millihaber.com.tr\/#\/schema\/person\/ce25ff78bd50c3fcd185fb298962da20","name":"admins","image":{"@type":"ImageObject","inLanguage":"tr","@id":"https:\/\/secure.gravatar.com\/avatar\/e0fedbe3a363c5c8caf2fc642ce571dbc8b817fe6496640b86a44caa33342477?s=96&d=mm&r=g","url":"https:\/\/secure.gravatar.com\/avatar\/e0fedbe3a363c5c8caf2fc642ce571dbc8b817fe6496640b86a44caa33342477?s=96&d=mm&r=g","contentUrl":"https:\/\/secure.gravatar.com\/avatar\/e0fedbe3a363c5c8caf2fc642ce571dbc8b817fe6496640b86a44caa33342477?s=96&d=mm&r=g","caption":"admins"},"sameAs":["https:\/\/millihaber.com.tr"],"url":"https:\/\/millihaber.com.tr\/?author=1"}]}},"_links":{"self":[{"href":"https:\/\/millihaber.com.tr\/index.php?rest_route=\/wp\/v2\/posts\/13761","targetHints":{"allow":["GET"]}}],"collection":[{"href":"https:\/\/millihaber.com.tr\/index.php?rest_route=\/wp\/v2\/posts"}],"about":[{"href":"https:\/\/millihaber.com.tr\/index.php?rest_route=\/wp\/v2\/types\/post"}],"author":[{"embeddable":true,"href":"https:\/\/millihaber.com.tr\/index.php?rest_route=\/wp\/v2\/users\/1"}],"replies":[{"embeddable":true,"href":"https:\/\/millihaber.com.tr\/index.php?rest_route=%2Fwp%2Fv2%2Fcomments&post=13761"}],"version-history":[{"count":0,"href":"https:\/\/millihaber.com.tr\/index.php?rest_route=\/wp\/v2\/posts\/13761\/revisions"}],"wp:featuredmedia":[{"embeddable":true,"href":"https:\/\/millihaber.com.tr\/index.php?rest_route=\/wp\/v2\/media\/13762"}],"wp:attachment":[{"href":"https:\/\/millihaber.com.tr\/index.php?rest_route=%2Fwp%2Fv2%2Fmedia&parent=13761"}],"wp:term":[{"taxonomy":"category","embeddable":true,"href":"https:\/\/millihaber.com.tr\/index.php?rest_route=%2Fwp%2Fv2%2Fcategories&post=13761"},{"taxonomy":"post_tag","embeddable":true,"href":"https:\/\/millihaber.com.tr\/index.php?rest_route=%2Fwp%2Fv2%2Ftags&post=13761"}],"curies":[{"name":"wp","href":"https:\/\/api.w.org\/{rel}","templated":true}]}}