{"id":13803,"date":"2024-08-23T09:06:00","date_gmt":"2024-08-23T09:06:00","guid":{"rendered":"https:\/\/millihaber.com.tr\/2024\/08\/23\/gazeteci-bayerden-son-yazi-sitem-etme-isyan-etme-sabir-ve-sukur\/"},"modified":"2024-08-23T09:06:00","modified_gmt":"2024-08-23T09:06:00","slug":"gazeteci-bayerden-son-yazi-sitem-etme-isyan-etme-sabir-ve-sukur","status":"publish","type":"post","link":"https:\/\/millihaber.com.tr\/?p=13803","title":{"rendered":"Gazeteci Bayer\u2019den son yaz\u0131&#8230;\u201cSitem etme, isyan etme sab\u0131r ve \u015f\u00fck\u00fcr\u2026\u201d"},"content":{"rendered":"<p>Gazeteci Murat Bayer(52), Nurtepe\u2019deki evinde gece yar\u0131s\u0131 vefat etti. Bayer hastal\u0131\u011f\u0131 s\u00fcrecinde ya\u015fad\u0131klar\u0131n\u0131, tedavilerini, duygu ve d\u00fc\u015f\u00fcncelerini yazarak geni\u015f kitlelere duyurdu. Bayer bir s\u00fcre \u00f6nce sosyal medya hesab\u0131ndan,\u201d VEDA\u201d isimli bir yaz\u0131 payla\u015farak \u201dHerkesten \u00e7ok \u00f6z\u00fcr dilerim, Bu bir mutluluk vedas\u0131.\u201d ve \u201cSitem etme,\u0130syan etme<br \/>\nSab\u0131r ve \u015f\u00fck\u00fcr\u2026\u201d notunu d\u00fc\u015fm\u00fc\u015ft\u00fc.\u00a0<\/p>\n","protected":false},"excerpt":{"rendered":"<p>Gazeteci Murat Bayer(52), Nurtepe\u2019deki evinde gece yar\u0131s\u0131 vefat etti. Bayer hastal\u0131\u011f\u0131 s\u00fcrecinde ya\u015fad\u0131klar\u0131n\u0131, tedavilerini, duygu ve d\u00fc\u015f\u00fcncelerini yazarak geni\u015f kitlelere duyurdu. Bayer bir s\u00fcre \u00f6nce sosyal medya hesab\u0131ndan,\u201d VEDA\u201d isimli bir yaz\u0131 payla\u015farak \u201dHerkesten \u00e7ok \u00f6z\u00fcr dilerim, Bu bir mutluluk vedas\u0131.\u201d ve \u201cSitem etme,\u0130syan etme Sab\u0131r ve \u015f\u00fck\u00fcr\u2026\u201d notunu d\u00fc\u015fm\u00fc\u015ft\u00fc.\u00a0<\/p>\n","protected":false},"author":1,"featured_media":13804,"comment_status":"open","ping_status":"open","sticky":false,"template":"","format":"standard","meta":{"footnotes":""},"categories":[4,5],"tags":[],"class_list":["post-13803","post","type-post","status-publish","format-standard","has-post-thumbnail","hentry","category-genel","category-gundem"],"yoast_head":"<!-- This site is optimized with the Yoast SEO plugin v28.3 - https:\/\/yoast.com\/product\/yoast-seo-wordpress\/ -->\n<title>Gazeteci Bayer\u2019den son yaz\u0131...\u201cSitem etme, isyan etme sab\u0131r ve \u015f\u00fck\u00fcr\u2026\u201d - Milli Haber<\/title>\n<meta name=\"robots\" content=\"index, follow, max-snippet:-1, max-image-preview:large, max-video-preview:-1\" \/>\n<link rel=\"canonical\" href=\"https:\/\/millihaber.com.tr\/?p=13803\" \/>\n<meta property=\"og:locale\" content=\"tr_TR\" \/>\n<meta property=\"og:type\" content=\"article\" \/>\n<meta property=\"og:title\" content=\"Gazeteci Bayer\u2019den son yaz\u0131...\u201cSitem etme, isyan etme sab\u0131r ve \u015f\u00fck\u00fcr\u2026\u201d - Milli Haber\" \/>\n<meta property=\"og:description\" content=\"Gazeteci Murat Bayer(52), Nurtepe\u2019deki evinde gece yar\u0131s\u0131 vefat etti. Bayer hastal\u0131\u011f\u0131 s\u00fcrecinde ya\u015fad\u0131klar\u0131n\u0131, tedavilerini, duygu ve d\u00fc\u015f\u00fcncelerini yazarak geni\u015f kitlelere duyurdu. Bayer bir s\u00fcre \u00f6nce sosyal medya hesab\u0131ndan,\u201d VEDA\u201d isimli bir yaz\u0131 payla\u015farak \u201dHerkesten \u00e7ok \u00f6z\u00fcr dilerim, Bu bir mutluluk vedas\u0131.\u201d ve \u201cSitem etme,\u0130syan etme Sab\u0131r ve \u015f\u00fck\u00fcr\u2026\u201d notunu d\u00fc\u015fm\u00fc\u015ft\u00fc.\u00a0\" \/>\n<meta property=\"og:url\" content=\"https:\/\/millihaber.com.tr\/?p=13803\" \/>\n<meta property=\"og:site_name\" content=\"Milli Haber\" \/>\n<meta property=\"article:published_time\" content=\"2024-08-23T09:06:00+00:00\" \/>\n<meta property=\"og:image\" content=\"https:\/\/millihaber.com.tr\/wp-content\/uploads\/2024\/08\/klklklk-hemv-cover-sppb_cover-740x420.jpg\" \/>\n\t<meta property=\"og:image:width\" content=\"1280\" \/>\n\t<meta property=\"og:image:height\" content=\"720\" \/>\n\t<meta property=\"og:image:type\" content=\"image\/jpeg\" \/>\n<meta name=\"author\" content=\"admins\" \/>\n<meta name=\"twitter:card\" content=\"summary_large_image\" \/>\n<meta name=\"twitter:label1\" content=\"Yazan:\" \/>\n\t<meta name=\"twitter:data1\" content=\"admins\" \/>\n<script type=\"application\/ld+json\" class=\"yoast-schema-graph\">{\"@context\":\"https:\\\/\\\/schema.org\",\"@graph\":[{\"@type\":\"Article\",\"@id\":\"https:\\\/\\\/millihaber.com.tr\\\/?p=13803#article\",\"isPartOf\":{\"@id\":\"https:\\\/\\\/millihaber.com.tr\\\/?p=13803\"},\"author\":{\"name\":\"admins\",\"@id\":\"https:\\\/\\\/millihaber.com.tr\\\/#\\\/schema\\\/person\\\/ce25ff78bd50c3fcd185fb298962da20\"},\"headline\":\"Gazeteci Bayer\u2019den son yaz\u0131&#8230;\u201cSitem etme, isyan etme sab\u0131r ve \u015f\u00fck\u00fcr\u2026\u201d\",\"datePublished\":\"2024-08-23T09:06:00+00:00\",\"mainEntityOfPage\":{\"@id\":\"https:\\\/\\\/millihaber.com.tr\\\/?p=13803\"},\"wordCount\":80,\"commentCount\":0,\"image\":{\"@id\":\"https:\\\/\\\/millihaber.com.tr\\\/?p=13803#primaryimage\"},\"thumbnailUrl\":\"https:\\\/\\\/millihaber.com.tr\\\/wp-content\\\/uploads\\\/2024\\\/08\\\/klklklk-hemv-cover-sppb_cover-740x420.jpg\",\"articleSection\":{\"1\":\"G\u00fcndem\"},\"inLanguage\":\"tr\",\"potentialAction\":[{\"@type\":\"CommentAction\",\"name\":\"Comment\",\"target\":[\"https:\\\/\\\/millihaber.com.tr\\\/?p=13803#respond\"]}]},{\"@type\":\"WebPage\",\"@id\":\"https:\\\/\\\/millihaber.com.tr\\\/?p=13803\",\"url\":\"https:\\\/\\\/millihaber.com.tr\\\/?p=13803\",\"name\":\"Gazeteci Bayer\u2019den son yaz\u0131...\u201cSitem etme, isyan etme sab\u0131r ve \u015f\u00fck\u00fcr\u2026\u201d - Milli Haber\",\"isPartOf\":{\"@id\":\"https:\\\/\\\/millihaber.com.tr\\\/#website\"},\"primaryImageOfPage\":{\"@id\":\"https:\\\/\\\/millihaber.com.tr\\\/?p=13803#primaryimage\"},\"image\":{\"@id\":\"https:\\\/\\\/millihaber.com.tr\\\/?p=13803#primaryimage\"},\"thumbnailUrl\":\"https:\\\/\\\/millihaber.com.tr\\\/wp-content\\\/uploads\\\/2024\\\/08\\\/klklklk-hemv-cover-sppb_cover-740x420.jpg\",\"datePublished\":\"2024-08-23T09:06:00+00:00\",\"author\":{\"@id\":\"https:\\\/\\\/millihaber.com.tr\\\/#\\\/schema\\\/person\\\/ce25ff78bd50c3fcd185fb298962da20\"},\"breadcrumb\":{\"@id\":\"https:\\\/\\\/millihaber.com.tr\\\/?p=13803#breadcrumb\"},\"inLanguage\":\"tr\",\"potentialAction\":[{\"@type\":\"ReadAction\",\"target\":[\"https:\\\/\\\/millihaber.com.tr\\\/?p=13803\"]}]},{\"@type\":\"ImageObject\",\"inLanguage\":\"tr\",\"@id\":\"https:\\\/\\\/millihaber.com.tr\\\/?p=13803#primaryimage\",\"url\":\"https:\\\/\\\/millihaber.com.tr\\\/wp-content\\\/uploads\\\/2024\\\/08\\\/klklklk-hemv-cover-sppb_cover-740x420.jpg\",\"contentUrl\":\"https:\\\/\\\/millihaber.com.tr\\\/wp-content\\\/uploads\\\/2024\\\/08\\\/klklklk-hemv-cover-sppb_cover-740x420.jpg\",\"width\":1280,\"height\":720},{\"@type\":\"BreadcrumbList\",\"@id\":\"https:\\\/\\\/millihaber.com.tr\\\/?p=13803#breadcrumb\",\"itemListElement\":[{\"@type\":\"ListItem\",\"position\":1,\"name\":\"Anasayfa\",\"item\":\"https:\\\/\\\/millihaber.com.tr\\\/\"},{\"@type\":\"ListItem\",\"position\":2,\"name\":\"Gazeteci Bayer\u2019den son yaz\u0131&#8230;\u201cSitem etme, isyan etme sab\u0131r ve \u015f\u00fck\u00fcr\u2026\u201d\"}]},{\"@type\":\"WebSite\",\"@id\":\"https:\\\/\\\/millihaber.com.tr\\\/#website\",\"url\":\"https:\\\/\\\/millihaber.com.tr\\\/\",\"name\":\"Milli Haber\",\"description\":\"Do\u011fru ve  tarafs\u0131z haber\",\"potentialAction\":[{\"@type\":\"SearchAction\",\"target\":{\"@type\":\"EntryPoint\",\"urlTemplate\":\"https:\\\/\\\/millihaber.com.tr\\\/?s={search_term_string}\"},\"query-input\":{\"@type\":\"PropertyValueSpecification\",\"valueRequired\":true,\"valueName\":\"search_term_string\"}}],\"inLanguage\":\"tr\"},{\"@type\":\"Person\",\"@id\":\"https:\\\/\\\/millihaber.com.tr\\\/#\\\/schema\\\/person\\\/ce25ff78bd50c3fcd185fb298962da20\",\"name\":\"admins\",\"image\":{\"@type\":\"ImageObject\",\"inLanguage\":\"tr\",\"@id\":\"https:\\\/\\\/secure.gravatar.com\\\/avatar\\\/e0fedbe3a363c5c8caf2fc642ce571dbc8b817fe6496640b86a44caa33342477?s=96&d=mm&r=g\",\"url\":\"https:\\\/\\\/secure.gravatar.com\\\/avatar\\\/e0fedbe3a363c5c8caf2fc642ce571dbc8b817fe6496640b86a44caa33342477?s=96&d=mm&r=g\",\"contentUrl\":\"https:\\\/\\\/secure.gravatar.com\\\/avatar\\\/e0fedbe3a363c5c8caf2fc642ce571dbc8b817fe6496640b86a44caa33342477?s=96&d=mm&r=g\",\"caption\":\"admins\"},\"sameAs\":[\"https:\\\/\\\/millihaber.com.tr\"],\"url\":\"https:\\\/\\\/millihaber.com.tr\\\/?author=1\"}]}<\/script>\n<!-- \/ Yoast SEO plugin. -->","yoast_head_json":{"title":"Gazeteci Bayer\u2019den son yaz\u0131...\u201cSitem etme, isyan etme sab\u0131r ve \u015f\u00fck\u00fcr\u2026\u201d - Milli Haber","robots":{"index":"index","follow":"follow","max-snippet":"max-snippet:-1","max-image-preview":"max-image-preview:large","max-video-preview":"max-video-preview:-1"},"canonical":"https:\/\/millihaber.com.tr\/?p=13803","og_locale":"tr_TR","og_type":"article","og_title":"Gazeteci Bayer\u2019den son yaz\u0131...\u201cSitem etme, isyan etme sab\u0131r ve \u015f\u00fck\u00fcr\u2026\u201d - Milli Haber","og_description":"Gazeteci Murat Bayer(52), Nurtepe\u2019deki evinde gece yar\u0131s\u0131 vefat etti. Bayer hastal\u0131\u011f\u0131 s\u00fcrecinde ya\u015fad\u0131klar\u0131n\u0131, tedavilerini, duygu ve d\u00fc\u015f\u00fcncelerini yazarak geni\u015f kitlelere duyurdu. Bayer bir s\u00fcre \u00f6nce sosyal medya hesab\u0131ndan,\u201d VEDA\u201d isimli bir yaz\u0131 payla\u015farak \u201dHerkesten \u00e7ok \u00f6z\u00fcr dilerim, Bu bir mutluluk vedas\u0131.\u201d ve \u201cSitem etme,\u0130syan etme Sab\u0131r ve \u015f\u00fck\u00fcr\u2026\u201d notunu d\u00fc\u015fm\u00fc\u015ft\u00fc.\u00a0","og_url":"https:\/\/millihaber.com.tr\/?p=13803","og_site_name":"Milli Haber","article_published_time":"2024-08-23T09:06:00+00:00","og_image":[{"width":1280,"height":720,"url":"https:\/\/millihaber.com.tr\/wp-content\/uploads\/2024\/08\/klklklk-hemv-cover-sppb_cover-740x420.jpg","type":"image\/jpeg"}],"author":"admins","twitter_card":"summary_large_image","twitter_misc":{"Yazan:":"admins"},"schema":{"@context":"https:\/\/schema.org","@graph":[{"@type":"Article","@id":"https:\/\/millihaber.com.tr\/?p=13803#article","isPartOf":{"@id":"https:\/\/millihaber.com.tr\/?p=13803"},"author":{"name":"admins","@id":"https:\/\/millihaber.com.tr\/#\/schema\/person\/ce25ff78bd50c3fcd185fb298962da20"},"headline":"Gazeteci Bayer\u2019den son yaz\u0131&#8230;\u201cSitem etme, isyan etme sab\u0131r ve \u015f\u00fck\u00fcr\u2026\u201d","datePublished":"2024-08-23T09:06:00+00:00","mainEntityOfPage":{"@id":"https:\/\/millihaber.com.tr\/?p=13803"},"wordCount":80,"commentCount":0,"image":{"@id":"https:\/\/millihaber.com.tr\/?p=13803#primaryimage"},"thumbnailUrl":"https:\/\/millihaber.com.tr\/wp-content\/uploads\/2024\/08\/klklklk-hemv-cover-sppb_cover-740x420.jpg","articleSection":{"1":"G\u00fcndem"},"inLanguage":"tr","potentialAction":[{"@type":"CommentAction","name":"Comment","target":["https:\/\/millihaber.com.tr\/?p=13803#respond"]}]},{"@type":"WebPage","@id":"https:\/\/millihaber.com.tr\/?p=13803","url":"https:\/\/millihaber.com.tr\/?p=13803","name":"Gazeteci Bayer\u2019den son yaz\u0131...\u201cSitem etme, isyan etme sab\u0131r ve \u015f\u00fck\u00fcr\u2026\u201d - Milli Haber","isPartOf":{"@id":"https:\/\/millihaber.com.tr\/#website"},"primaryImageOfPage":{"@id":"https:\/\/millihaber.com.tr\/?p=13803#primaryimage"},"image":{"@id":"https:\/\/millihaber.com.tr\/?p=13803#primaryimage"},"thumbnailUrl":"https:\/\/millihaber.com.tr\/wp-content\/uploads\/2024\/08\/klklklk-hemv-cover-sppb_cover-740x420.jpg","datePublished":"2024-08-23T09:06:00+00:00","author":{"@id":"https:\/\/millihaber.com.tr\/#\/schema\/person\/ce25ff78bd50c3fcd185fb298962da20"},"breadcrumb":{"@id":"https:\/\/millihaber.com.tr\/?p=13803#breadcrumb"},"inLanguage":"tr","potentialAction":[{"@type":"ReadAction","target":["https:\/\/millihaber.com.tr\/?p=13803"]}]},{"@type":"ImageObject","inLanguage":"tr","@id":"https:\/\/millihaber.com.tr\/?p=13803#primaryimage","url":"https:\/\/millihaber.com.tr\/wp-content\/uploads\/2024\/08\/klklklk-hemv-cover-sppb_cover-740x420.jpg","contentUrl":"https:\/\/millihaber.com.tr\/wp-content\/uploads\/2024\/08\/klklklk-hemv-cover-sppb_cover-740x420.jpg","width":1280,"height":720},{"@type":"BreadcrumbList","@id":"https:\/\/millihaber.com.tr\/?p=13803#breadcrumb","itemListElement":[{"@type":"ListItem","position":1,"name":"Anasayfa","item":"https:\/\/millihaber.com.tr\/"},{"@type":"ListItem","position":2,"name":"Gazeteci Bayer\u2019den son yaz\u0131&#8230;\u201cSitem etme, isyan etme sab\u0131r ve \u015f\u00fck\u00fcr\u2026\u201d"}]},{"@type":"WebSite","@id":"https:\/\/millihaber.com.tr\/#website","url":"https:\/\/millihaber.com.tr\/","name":"Milli Haber","description":"Do\u011fru ve  tarafs\u0131z haber","potentialAction":[{"@type":"SearchAction","target":{"@type":"EntryPoint","urlTemplate":"https:\/\/millihaber.com.tr\/?s={search_term_string}"},"query-input":{"@type":"PropertyValueSpecification","valueRequired":true,"valueName":"search_term_string"}}],"inLanguage":"tr"},{"@type":"Person","@id":"https:\/\/millihaber.com.tr\/#\/schema\/person\/ce25ff78bd50c3fcd185fb298962da20","name":"admins","image":{"@type":"ImageObject","inLanguage":"tr","@id":"https:\/\/secure.gravatar.com\/avatar\/e0fedbe3a363c5c8caf2fc642ce571dbc8b817fe6496640b86a44caa33342477?s=96&d=mm&r=g","url":"https:\/\/secure.gravatar.com\/avatar\/e0fedbe3a363c5c8caf2fc642ce571dbc8b817fe6496640b86a44caa33342477?s=96&d=mm&r=g","contentUrl":"https:\/\/secure.gravatar.com\/avatar\/e0fedbe3a363c5c8caf2fc642ce571dbc8b817fe6496640b86a44caa33342477?s=96&d=mm&r=g","caption":"admins"},"sameAs":["https:\/\/millihaber.com.tr"],"url":"https:\/\/millihaber.com.tr\/?author=1"}]}},"_links":{"self":[{"href":"https:\/\/millihaber.com.tr\/index.php?rest_route=\/wp\/v2\/posts\/13803","targetHints":{"allow":["GET"]}}],"collection":[{"href":"https:\/\/millihaber.com.tr\/index.php?rest_route=\/wp\/v2\/posts"}],"about":[{"href":"https:\/\/millihaber.com.tr\/index.php?rest_route=\/wp\/v2\/types\/post"}],"author":[{"embeddable":true,"href":"https:\/\/millihaber.com.tr\/index.php?rest_route=\/wp\/v2\/users\/1"}],"replies":[{"embeddable":true,"href":"https:\/\/millihaber.com.tr\/index.php?rest_route=%2Fwp%2Fv2%2Fcomments&post=13803"}],"version-history":[{"count":0,"href":"https:\/\/millihaber.com.tr\/index.php?rest_route=\/wp\/v2\/posts\/13803\/revisions"}],"wp:featuredmedia":[{"embeddable":true,"href":"https:\/\/millihaber.com.tr\/index.php?rest_route=\/wp\/v2\/media\/13804"}],"wp:attachment":[{"href":"https:\/\/millihaber.com.tr\/index.php?rest_route=%2Fwp%2Fv2%2Fmedia&parent=13803"}],"wp:term":[{"taxonomy":"category","embeddable":true,"href":"https:\/\/millihaber.com.tr\/index.php?rest_route=%2Fwp%2Fv2%2Fcategories&post=13803"},{"taxonomy":"post_tag","embeddable":true,"href":"https:\/\/millihaber.com.tr\/index.php?rest_route=%2Fwp%2Fv2%2Ftags&post=13803"}],"curies":[{"name":"wp","href":"https:\/\/api.w.org\/{rel}","templated":true}]}}