{"id":13817,"date":"2024-08-23T16:04:00","date_gmt":"2024-08-23T16:04:00","guid":{"rendered":"https:\/\/millihaber.com.tr\/2024\/08\/23\/24-agustos-2024-orman-yangini-bolgesinde-yangin-riski-suruyor-mu-iste-izmir-ve-aydin-basta-olmak-uzere-beklenen-sicakliklar\/"},"modified":"2024-08-23T16:04:00","modified_gmt":"2024-08-23T16:04:00","slug":"24-agustos-2024-orman-yangini-bolgesinde-yangin-riski-suruyor-mu-iste-izmir-ve-aydin-basta-olmak-uzere-beklenen-sicakliklar","status":"publish","type":"post","link":"https:\/\/millihaber.com.tr\/?p=13817","title":{"rendered":"24 A\u011fustos 2024 orman yang\u0131n\u0131 b\u00f6lgesinde yang\u0131n riski s\u00fcr\u00fcyor mu? \u0130\u015fte \u0130zmir ve Ayd\u0131n ba\u015fta olmak \u00fczere beklenen s\u0131cakl\u0131klar&#8230;"},"content":{"rendered":"<p>24 A\u011fustos 2024 orman yang\u0131n\u0131 b\u00f6lgesi hava durumu nas\u0131l olacak? Yang\u0131n b\u00f6lgesinde \u015fikayetler art\u0131yor. B\u00f6lgede kronik hastal\u0131klar\u0131 olanlar\u0131 olumsuz etkiliyor. Orman yang\u0131n\u0131nda r\u00fczgar orman yang\u0131n\u0131n yay\u0131l\u0131m h\u0131z\u0131n\u0131 etkiliyor. Peki orman yang\u0131n\u0131 b\u00f6lgesinde havalar \u0131s\u0131n\u0131yor mu? \u0130\u015fte, \u0130zmir, Ayd\u0131n, \u00c7anakkale ve Antalya gibi illerde beklenen s\u0131cakl\u0131klar&#8230;<\/p>\n","protected":false},"excerpt":{"rendered":"<p>24 A\u011fustos 2024 orman yang\u0131n\u0131 b\u00f6lgesi hava durumu nas\u0131l olacak? Yang\u0131n b\u00f6lgesinde \u015fikayetler art\u0131yor. B\u00f6lgede kronik hastal\u0131klar\u0131 olanlar\u0131 olumsuz etkiliyor. Orman yang\u0131n\u0131nda r\u00fczgar orman yang\u0131n\u0131n yay\u0131l\u0131m h\u0131z\u0131n\u0131 etkiliyor. Peki orman yang\u0131n\u0131 b\u00f6lgesinde havalar \u0131s\u0131n\u0131yor mu? \u0130\u015fte, \u0130zmir, Ayd\u0131n, \u00c7anakkale ve Antalya gibi illerde beklenen s\u0131cakl\u0131klar&#8230;<\/p>\n","protected":false},"author":1,"featured_media":13818,"comment_status":"open","ping_status":"open","sticky":false,"template":"","format":"standard","meta":{"footnotes":""},"categories":[4,5],"tags":[],"class_list":["post-13817","post","type-post","status-publish","format-standard","has-post-thumbnail","hentry","category-genel","category-gundem"],"yoast_head":"<!-- This site is optimized with the Yoast SEO plugin v28.3 - https:\/\/yoast.com\/product\/yoast-seo-wordpress\/ -->\n<title>24 A\u011fustos 2024 orman yang\u0131n\u0131 b\u00f6lgesinde yang\u0131n riski s\u00fcr\u00fcyor mu? \u0130\u015fte \u0130zmir ve Ayd\u0131n ba\u015fta olmak \u00fczere beklenen s\u0131cakl\u0131klar... - Milli Haber<\/title>\n<meta name=\"robots\" content=\"index, follow, max-snippet:-1, max-image-preview:large, max-video-preview:-1\" \/>\n<link rel=\"canonical\" href=\"https:\/\/millihaber.com.tr\/?p=13817\" \/>\n<meta property=\"og:locale\" content=\"tr_TR\" \/>\n<meta property=\"og:type\" content=\"article\" \/>\n<meta property=\"og:title\" content=\"24 A\u011fustos 2024 orman yang\u0131n\u0131 b\u00f6lgesinde yang\u0131n riski s\u00fcr\u00fcyor mu? \u0130\u015fte \u0130zmir ve Ayd\u0131n ba\u015fta olmak \u00fczere beklenen s\u0131cakl\u0131klar... - Milli Haber\" \/>\n<meta property=\"og:description\" content=\"24 A\u011fustos 2024 orman yang\u0131n\u0131 b\u00f6lgesi hava durumu nas\u0131l olacak? Yang\u0131n b\u00f6lgesinde \u015fikayetler art\u0131yor. B\u00f6lgede kronik hastal\u0131klar\u0131 olanlar\u0131 olumsuz etkiliyor. Orman yang\u0131n\u0131nda r\u00fczgar orman yang\u0131n\u0131n yay\u0131l\u0131m h\u0131z\u0131n\u0131 etkiliyor. Peki orman yang\u0131n\u0131 b\u00f6lgesinde havalar \u0131s\u0131n\u0131yor mu? \u0130\u015fte, \u0130zmir, Ayd\u0131n, \u00c7anakkale ve Antalya gibi illerde beklenen s\u0131cakl\u0131klar&#8230;\" \/>\n<meta property=\"og:url\" content=\"https:\/\/millihaber.com.tr\/?p=13817\" \/>\n<meta property=\"og:site_name\" content=\"Milli Haber\" \/>\n<meta property=\"article:published_time\" content=\"2024-08-23T16:04:00+00:00\" \/>\n<meta property=\"og:image\" content=\"https:\/\/millihaber.com.tr\/wp-content\/uploads\/2024\/08\/yangin2-h9mc-cover-vvot_cover-740x420.jpg\" \/>\n\t<meta property=\"og:image:width\" content=\"1280\" \/>\n\t<meta property=\"og:image:height\" content=\"720\" \/>\n\t<meta property=\"og:image:type\" content=\"image\/jpeg\" \/>\n<meta name=\"author\" content=\"admins\" \/>\n<meta name=\"twitter:card\" content=\"summary_large_image\" \/>\n<meta name=\"twitter:label1\" content=\"Yazan:\" \/>\n\t<meta name=\"twitter:data1\" content=\"admins\" \/>\n<script type=\"application\/ld+json\" class=\"yoast-schema-graph\">{\"@context\":\"https:\\\/\\\/schema.org\",\"@graph\":[{\"@type\":\"Article\",\"@id\":\"https:\\\/\\\/millihaber.com.tr\\\/?p=13817#article\",\"isPartOf\":{\"@id\":\"https:\\\/\\\/millihaber.com.tr\\\/?p=13817\"},\"author\":{\"name\":\"admins\",\"@id\":\"https:\\\/\\\/millihaber.com.tr\\\/#\\\/schema\\\/person\\\/ce25ff78bd50c3fcd185fb298962da20\"},\"headline\":\"24 A\u011fustos 2024 orman yang\u0131n\u0131 b\u00f6lgesinde yang\u0131n riski s\u00fcr\u00fcyor mu? \u0130\u015fte \u0130zmir ve Ayd\u0131n ba\u015fta olmak \u00fczere beklenen s\u0131cakl\u0131klar&#8230;\",\"datePublished\":\"2024-08-23T16:04:00+00:00\",\"mainEntityOfPage\":{\"@id\":\"https:\\\/\\\/millihaber.com.tr\\\/?p=13817\"},\"wordCount\":95,\"commentCount\":0,\"image\":{\"@id\":\"https:\\\/\\\/millihaber.com.tr\\\/?p=13817#primaryimage\"},\"thumbnailUrl\":\"https:\\\/\\\/millihaber.com.tr\\\/wp-content\\\/uploads\\\/2024\\\/08\\\/yangin2-h9mc-cover-vvot_cover-740x420.jpg\",\"articleSection\":{\"1\":\"G\u00fcndem\"},\"inLanguage\":\"tr\",\"potentialAction\":[{\"@type\":\"CommentAction\",\"name\":\"Comment\",\"target\":[\"https:\\\/\\\/millihaber.com.tr\\\/?p=13817#respond\"]}]},{\"@type\":\"WebPage\",\"@id\":\"https:\\\/\\\/millihaber.com.tr\\\/?p=13817\",\"url\":\"https:\\\/\\\/millihaber.com.tr\\\/?p=13817\",\"name\":\"24 A\u011fustos 2024 orman yang\u0131n\u0131 b\u00f6lgesinde yang\u0131n riski s\u00fcr\u00fcyor mu? \u0130\u015fte \u0130zmir ve Ayd\u0131n ba\u015fta olmak \u00fczere beklenen s\u0131cakl\u0131klar... - Milli Haber\",\"isPartOf\":{\"@id\":\"https:\\\/\\\/millihaber.com.tr\\\/#website\"},\"primaryImageOfPage\":{\"@id\":\"https:\\\/\\\/millihaber.com.tr\\\/?p=13817#primaryimage\"},\"image\":{\"@id\":\"https:\\\/\\\/millihaber.com.tr\\\/?p=13817#primaryimage\"},\"thumbnailUrl\":\"https:\\\/\\\/millihaber.com.tr\\\/wp-content\\\/uploads\\\/2024\\\/08\\\/yangin2-h9mc-cover-vvot_cover-740x420.jpg\",\"datePublished\":\"2024-08-23T16:04:00+00:00\",\"author\":{\"@id\":\"https:\\\/\\\/millihaber.com.tr\\\/#\\\/schema\\\/person\\\/ce25ff78bd50c3fcd185fb298962da20\"},\"breadcrumb\":{\"@id\":\"https:\\\/\\\/millihaber.com.tr\\\/?p=13817#breadcrumb\"},\"inLanguage\":\"tr\",\"potentialAction\":[{\"@type\":\"ReadAction\",\"target\":[\"https:\\\/\\\/millihaber.com.tr\\\/?p=13817\"]}]},{\"@type\":\"ImageObject\",\"inLanguage\":\"tr\",\"@id\":\"https:\\\/\\\/millihaber.com.tr\\\/?p=13817#primaryimage\",\"url\":\"https:\\\/\\\/millihaber.com.tr\\\/wp-content\\\/uploads\\\/2024\\\/08\\\/yangin2-h9mc-cover-vvot_cover-740x420.jpg\",\"contentUrl\":\"https:\\\/\\\/millihaber.com.tr\\\/wp-content\\\/uploads\\\/2024\\\/08\\\/yangin2-h9mc-cover-vvot_cover-740x420.jpg\",\"width\":1280,\"height\":720},{\"@type\":\"BreadcrumbList\",\"@id\":\"https:\\\/\\\/millihaber.com.tr\\\/?p=13817#breadcrumb\",\"itemListElement\":[{\"@type\":\"ListItem\",\"position\":1,\"name\":\"Anasayfa\",\"item\":\"https:\\\/\\\/millihaber.com.tr\\\/\"},{\"@type\":\"ListItem\",\"position\":2,\"name\":\"24 A\u011fustos 2024 orman yang\u0131n\u0131 b\u00f6lgesinde yang\u0131n riski s\u00fcr\u00fcyor mu? \u0130\u015fte \u0130zmir ve Ayd\u0131n ba\u015fta olmak \u00fczere beklenen s\u0131cakl\u0131klar&#8230;\"}]},{\"@type\":\"WebSite\",\"@id\":\"https:\\\/\\\/millihaber.com.tr\\\/#website\",\"url\":\"https:\\\/\\\/millihaber.com.tr\\\/\",\"name\":\"Milli Haber\",\"description\":\"Do\u011fru ve  tarafs\u0131z haber\",\"potentialAction\":[{\"@type\":\"SearchAction\",\"target\":{\"@type\":\"EntryPoint\",\"urlTemplate\":\"https:\\\/\\\/millihaber.com.tr\\\/?s={search_term_string}\"},\"query-input\":{\"@type\":\"PropertyValueSpecification\",\"valueRequired\":true,\"valueName\":\"search_term_string\"}}],\"inLanguage\":\"tr\"},{\"@type\":\"Person\",\"@id\":\"https:\\\/\\\/millihaber.com.tr\\\/#\\\/schema\\\/person\\\/ce25ff78bd50c3fcd185fb298962da20\",\"name\":\"admins\",\"image\":{\"@type\":\"ImageObject\",\"inLanguage\":\"tr\",\"@id\":\"https:\\\/\\\/secure.gravatar.com\\\/avatar\\\/e0fedbe3a363c5c8caf2fc642ce571dbc8b817fe6496640b86a44caa33342477?s=96&d=mm&r=g\",\"url\":\"https:\\\/\\\/secure.gravatar.com\\\/avatar\\\/e0fedbe3a363c5c8caf2fc642ce571dbc8b817fe6496640b86a44caa33342477?s=96&d=mm&r=g\",\"contentUrl\":\"https:\\\/\\\/secure.gravatar.com\\\/avatar\\\/e0fedbe3a363c5c8caf2fc642ce571dbc8b817fe6496640b86a44caa33342477?s=96&d=mm&r=g\",\"caption\":\"admins\"},\"sameAs\":[\"https:\\\/\\\/millihaber.com.tr\"],\"url\":\"https:\\\/\\\/millihaber.com.tr\\\/?author=1\"}]}<\/script>\n<!-- \/ Yoast SEO plugin. -->","yoast_head_json":{"title":"24 A\u011fustos 2024 orman yang\u0131n\u0131 b\u00f6lgesinde yang\u0131n riski s\u00fcr\u00fcyor mu? \u0130\u015fte \u0130zmir ve Ayd\u0131n ba\u015fta olmak \u00fczere beklenen s\u0131cakl\u0131klar... - Milli Haber","robots":{"index":"index","follow":"follow","max-snippet":"max-snippet:-1","max-image-preview":"max-image-preview:large","max-video-preview":"max-video-preview:-1"},"canonical":"https:\/\/millihaber.com.tr\/?p=13817","og_locale":"tr_TR","og_type":"article","og_title":"24 A\u011fustos 2024 orman yang\u0131n\u0131 b\u00f6lgesinde yang\u0131n riski s\u00fcr\u00fcyor mu? \u0130\u015fte \u0130zmir ve Ayd\u0131n ba\u015fta olmak \u00fczere beklenen s\u0131cakl\u0131klar... - Milli Haber","og_description":"24 A\u011fustos 2024 orman yang\u0131n\u0131 b\u00f6lgesi hava durumu nas\u0131l olacak? Yang\u0131n b\u00f6lgesinde \u015fikayetler art\u0131yor. B\u00f6lgede kronik hastal\u0131klar\u0131 olanlar\u0131 olumsuz etkiliyor. Orman yang\u0131n\u0131nda r\u00fczgar orman yang\u0131n\u0131n yay\u0131l\u0131m h\u0131z\u0131n\u0131 etkiliyor. Peki orman yang\u0131n\u0131 b\u00f6lgesinde havalar \u0131s\u0131n\u0131yor mu? \u0130\u015fte, \u0130zmir, Ayd\u0131n, \u00c7anakkale ve Antalya gibi illerde beklenen s\u0131cakl\u0131klar&#8230;","og_url":"https:\/\/millihaber.com.tr\/?p=13817","og_site_name":"Milli Haber","article_published_time":"2024-08-23T16:04:00+00:00","og_image":[{"width":1280,"height":720,"url":"https:\/\/millihaber.com.tr\/wp-content\/uploads\/2024\/08\/yangin2-h9mc-cover-vvot_cover-740x420.jpg","type":"image\/jpeg"}],"author":"admins","twitter_card":"summary_large_image","twitter_misc":{"Yazan:":"admins"},"schema":{"@context":"https:\/\/schema.org","@graph":[{"@type":"Article","@id":"https:\/\/millihaber.com.tr\/?p=13817#article","isPartOf":{"@id":"https:\/\/millihaber.com.tr\/?p=13817"},"author":{"name":"admins","@id":"https:\/\/millihaber.com.tr\/#\/schema\/person\/ce25ff78bd50c3fcd185fb298962da20"},"headline":"24 A\u011fustos 2024 orman yang\u0131n\u0131 b\u00f6lgesinde yang\u0131n riski s\u00fcr\u00fcyor mu? \u0130\u015fte \u0130zmir ve Ayd\u0131n ba\u015fta olmak \u00fczere beklenen s\u0131cakl\u0131klar&#8230;","datePublished":"2024-08-23T16:04:00+00:00","mainEntityOfPage":{"@id":"https:\/\/millihaber.com.tr\/?p=13817"},"wordCount":95,"commentCount":0,"image":{"@id":"https:\/\/millihaber.com.tr\/?p=13817#primaryimage"},"thumbnailUrl":"https:\/\/millihaber.com.tr\/wp-content\/uploads\/2024\/08\/yangin2-h9mc-cover-vvot_cover-740x420.jpg","articleSection":{"1":"G\u00fcndem"},"inLanguage":"tr","potentialAction":[{"@type":"CommentAction","name":"Comment","target":["https:\/\/millihaber.com.tr\/?p=13817#respond"]}]},{"@type":"WebPage","@id":"https:\/\/millihaber.com.tr\/?p=13817","url":"https:\/\/millihaber.com.tr\/?p=13817","name":"24 A\u011fustos 2024 orman yang\u0131n\u0131 b\u00f6lgesinde yang\u0131n riski s\u00fcr\u00fcyor mu? \u0130\u015fte \u0130zmir ve Ayd\u0131n ba\u015fta olmak \u00fczere beklenen s\u0131cakl\u0131klar... - Milli Haber","isPartOf":{"@id":"https:\/\/millihaber.com.tr\/#website"},"primaryImageOfPage":{"@id":"https:\/\/millihaber.com.tr\/?p=13817#primaryimage"},"image":{"@id":"https:\/\/millihaber.com.tr\/?p=13817#primaryimage"},"thumbnailUrl":"https:\/\/millihaber.com.tr\/wp-content\/uploads\/2024\/08\/yangin2-h9mc-cover-vvot_cover-740x420.jpg","datePublished":"2024-08-23T16:04:00+00:00","author":{"@id":"https:\/\/millihaber.com.tr\/#\/schema\/person\/ce25ff78bd50c3fcd185fb298962da20"},"breadcrumb":{"@id":"https:\/\/millihaber.com.tr\/?p=13817#breadcrumb"},"inLanguage":"tr","potentialAction":[{"@type":"ReadAction","target":["https:\/\/millihaber.com.tr\/?p=13817"]}]},{"@type":"ImageObject","inLanguage":"tr","@id":"https:\/\/millihaber.com.tr\/?p=13817#primaryimage","url":"https:\/\/millihaber.com.tr\/wp-content\/uploads\/2024\/08\/yangin2-h9mc-cover-vvot_cover-740x420.jpg","contentUrl":"https:\/\/millihaber.com.tr\/wp-content\/uploads\/2024\/08\/yangin2-h9mc-cover-vvot_cover-740x420.jpg","width":1280,"height":720},{"@type":"BreadcrumbList","@id":"https:\/\/millihaber.com.tr\/?p=13817#breadcrumb","itemListElement":[{"@type":"ListItem","position":1,"name":"Anasayfa","item":"https:\/\/millihaber.com.tr\/"},{"@type":"ListItem","position":2,"name":"24 A\u011fustos 2024 orman yang\u0131n\u0131 b\u00f6lgesinde yang\u0131n riski s\u00fcr\u00fcyor mu? \u0130\u015fte \u0130zmir ve Ayd\u0131n ba\u015fta olmak \u00fczere beklenen s\u0131cakl\u0131klar&#8230;"}]},{"@type":"WebSite","@id":"https:\/\/millihaber.com.tr\/#website","url":"https:\/\/millihaber.com.tr\/","name":"Milli Haber","description":"Do\u011fru ve  tarafs\u0131z haber","potentialAction":[{"@type":"SearchAction","target":{"@type":"EntryPoint","urlTemplate":"https:\/\/millihaber.com.tr\/?s={search_term_string}"},"query-input":{"@type":"PropertyValueSpecification","valueRequired":true,"valueName":"search_term_string"}}],"inLanguage":"tr"},{"@type":"Person","@id":"https:\/\/millihaber.com.tr\/#\/schema\/person\/ce25ff78bd50c3fcd185fb298962da20","name":"admins","image":{"@type":"ImageObject","inLanguage":"tr","@id":"https:\/\/secure.gravatar.com\/avatar\/e0fedbe3a363c5c8caf2fc642ce571dbc8b817fe6496640b86a44caa33342477?s=96&d=mm&r=g","url":"https:\/\/secure.gravatar.com\/avatar\/e0fedbe3a363c5c8caf2fc642ce571dbc8b817fe6496640b86a44caa33342477?s=96&d=mm&r=g","contentUrl":"https:\/\/secure.gravatar.com\/avatar\/e0fedbe3a363c5c8caf2fc642ce571dbc8b817fe6496640b86a44caa33342477?s=96&d=mm&r=g","caption":"admins"},"sameAs":["https:\/\/millihaber.com.tr"],"url":"https:\/\/millihaber.com.tr\/?author=1"}]}},"_links":{"self":[{"href":"https:\/\/millihaber.com.tr\/index.php?rest_route=\/wp\/v2\/posts\/13817","targetHints":{"allow":["GET"]}}],"collection":[{"href":"https:\/\/millihaber.com.tr\/index.php?rest_route=\/wp\/v2\/posts"}],"about":[{"href":"https:\/\/millihaber.com.tr\/index.php?rest_route=\/wp\/v2\/types\/post"}],"author":[{"embeddable":true,"href":"https:\/\/millihaber.com.tr\/index.php?rest_route=\/wp\/v2\/users\/1"}],"replies":[{"embeddable":true,"href":"https:\/\/millihaber.com.tr\/index.php?rest_route=%2Fwp%2Fv2%2Fcomments&post=13817"}],"version-history":[{"count":0,"href":"https:\/\/millihaber.com.tr\/index.php?rest_route=\/wp\/v2\/posts\/13817\/revisions"}],"wp:featuredmedia":[{"embeddable":true,"href":"https:\/\/millihaber.com.tr\/index.php?rest_route=\/wp\/v2\/media\/13818"}],"wp:attachment":[{"href":"https:\/\/millihaber.com.tr\/index.php?rest_route=%2Fwp%2Fv2%2Fmedia&parent=13817"}],"wp:term":[{"taxonomy":"category","embeddable":true,"href":"https:\/\/millihaber.com.tr\/index.php?rest_route=%2Fwp%2Fv2%2Fcategories&post=13817"},{"taxonomy":"post_tag","embeddable":true,"href":"https:\/\/millihaber.com.tr\/index.php?rest_route=%2Fwp%2Fv2%2Ftags&post=13817"}],"curies":[{"name":"wp","href":"https:\/\/api.w.org\/{rel}","templated":true}]}}