{"id":14846,"date":"2024-09-16T00:49:00","date_gmt":"2024-09-16T00:49:00","guid":{"rendered":"https:\/\/millihaber.com.tr\/2024\/09\/16\/reytinglerde-kim-birinci-oldu-iste-15-eylul-pazar-tv-reyting-siralamasi\/"},"modified":"2024-09-16T00:49:00","modified_gmt":"2024-09-16T00:49:00","slug":"reytinglerde-kim-birinci-oldu-iste-15-eylul-pazar-tv-reyting-siralamasi","status":"publish","type":"post","link":"https:\/\/millihaber.com.tr\/?p=14846","title":{"rendered":"Reytinglerde kim birinci oldu? \u0130\u015fte 15 Eyl\u00fcl Pazar TV reyting s\u0131ralamas\u0131&#8230;"},"content":{"rendered":"<p>Televizyon dizileri ve programlar\u0131 aras\u0131ndaki reyting m\u00fccadelesi her hafta b\u00fcy\u00fck bir heyecanla devam ediyor. Di\u011fer taraftan,  televizyon dizilerini takip eden vatanda\u015flar g\u00fcnl\u00fck reyting sonu\u00e7lar\u0131n\u0131 da ara\u015ft\u0131rmay\u0131 ihmal etmiyor. \u0130\u015fte, 15 Eyl\u00fcl Pazar reyting sonu\u00e7lar\u0131! Detaylar haberimizde&#8230; \u0130\u015fte, ATV, Kanal D, FOX, Show, Star TV, TV8 reyting sonu\u00e7lar\u0131! Ayr\u0131nt\u0131lar haberimizde&#8230;<\/p>\n","protected":false},"excerpt":{"rendered":"<p>Televizyon dizileri ve programlar\u0131 aras\u0131ndaki reyting m\u00fccadelesi her hafta b\u00fcy\u00fck bir heyecanla devam ediyor. Di\u011fer taraftan, televizyon dizilerini takip eden vatanda\u015flar g\u00fcnl\u00fck reyting sonu\u00e7lar\u0131n\u0131 da ara\u015ft\u0131rmay\u0131 ihmal etmiyor. \u0130\u015fte, 15 Eyl\u00fcl Pazar reyting sonu\u00e7lar\u0131! Detaylar haberimizde&#8230; \u0130\u015fte, ATV, Kanal D, FOX, Show, Star TV, TV8 reyting sonu\u00e7lar\u0131! Ayr\u0131nt\u0131lar haberimizde&#8230;<\/p>\n","protected":false},"author":1,"featured_media":14847,"comment_status":"open","ping_status":"open","sticky":false,"template":"","format":"standard","meta":{"footnotes":""},"categories":[4,5],"tags":[],"class_list":["post-14846","post","type-post","status-publish","format-standard","has-post-thumbnail","hentry","category-genel","category-gundem"],"yoast_head":"<!-- This site is optimized with the Yoast SEO plugin v28.3 - https:\/\/yoast.com\/product\/yoast-seo-wordpress\/ -->\n<title>Reytinglerde kim birinci oldu? \u0130\u015fte 15 Eyl\u00fcl Pazar TV reyting s\u0131ralamas\u0131... - Milli Haber<\/title>\n<meta name=\"robots\" content=\"index, follow, max-snippet:-1, max-image-preview:large, max-video-preview:-1\" \/>\n<link rel=\"canonical\" href=\"https:\/\/millihaber.com.tr\/?p=14846\" \/>\n<meta property=\"og:locale\" content=\"tr_TR\" \/>\n<meta property=\"og:type\" content=\"article\" \/>\n<meta property=\"og:title\" content=\"Reytinglerde kim birinci oldu? \u0130\u015fte 15 Eyl\u00fcl Pazar TV reyting s\u0131ralamas\u0131... - Milli Haber\" \/>\n<meta property=\"og:description\" content=\"Televizyon dizileri ve programlar\u0131 aras\u0131ndaki reyting m\u00fccadelesi her hafta b\u00fcy\u00fck bir heyecanla devam ediyor. Di\u011fer taraftan, televizyon dizilerini takip eden vatanda\u015flar g\u00fcnl\u00fck reyting sonu\u00e7lar\u0131n\u0131 da ara\u015ft\u0131rmay\u0131 ihmal etmiyor. \u0130\u015fte, 15 Eyl\u00fcl Pazar reyting sonu\u00e7lar\u0131! Detaylar haberimizde&#8230; \u0130\u015fte, ATV, Kanal D, FOX, Show, Star TV, TV8 reyting sonu\u00e7lar\u0131! Ayr\u0131nt\u0131lar haberimizde&#8230;\" \/>\n<meta property=\"og:url\" content=\"https:\/\/millihaber.com.tr\/?p=14846\" \/>\n<meta property=\"og:site_name\" content=\"Milli Haber\" \/>\n<meta property=\"article:published_time\" content=\"2024-09-16T00:49:00+00:00\" \/>\n<meta property=\"og:image\" content=\"https:\/\/millihaber.com.tr\/wp-content\/uploads\/2024\/09\/y2-sxp4_cover-740x420.png\" \/>\n\t<meta property=\"og:image:width\" content=\"1280\" \/>\n\t<meta property=\"og:image:height\" content=\"720\" \/>\n\t<meta property=\"og:image:type\" content=\"image\/png\" \/>\n<meta name=\"author\" content=\"admins\" \/>\n<meta name=\"twitter:card\" content=\"summary_large_image\" \/>\n<meta name=\"twitter:label1\" content=\"Yazan:\" \/>\n\t<meta name=\"twitter:data1\" content=\"admins\" \/>\n<script type=\"application\/ld+json\" class=\"yoast-schema-graph\">{\"@context\":\"https:\\\/\\\/schema.org\",\"@graph\":[{\"@type\":\"Article\",\"@id\":\"https:\\\/\\\/millihaber.com.tr\\\/?p=14846#article\",\"isPartOf\":{\"@id\":\"https:\\\/\\\/millihaber.com.tr\\\/?p=14846\"},\"author\":{\"name\":\"admins\",\"@id\":\"https:\\\/\\\/millihaber.com.tr\\\/#\\\/schema\\\/person\\\/ce25ff78bd50c3fcd185fb298962da20\"},\"headline\":\"Reytinglerde kim birinci oldu? \u0130\u015fte 15 Eyl\u00fcl Pazar TV reyting s\u0131ralamas\u0131&#8230;\",\"datePublished\":\"2024-09-16T00:49:00+00:00\",\"mainEntityOfPage\":{\"@id\":\"https:\\\/\\\/millihaber.com.tr\\\/?p=14846\"},\"wordCount\":77,\"commentCount\":0,\"image\":{\"@id\":\"https:\\\/\\\/millihaber.com.tr\\\/?p=14846#primaryimage\"},\"thumbnailUrl\":\"https:\\\/\\\/millihaber.com.tr\\\/wp-content\\\/uploads\\\/2024\\\/09\\\/y2-sxp4_cover-740x420.png\",\"articleSection\":{\"1\":\"G\u00fcndem\"},\"inLanguage\":\"tr\",\"potentialAction\":[{\"@type\":\"CommentAction\",\"name\":\"Comment\",\"target\":[\"https:\\\/\\\/millihaber.com.tr\\\/?p=14846#respond\"]}]},{\"@type\":\"WebPage\",\"@id\":\"https:\\\/\\\/millihaber.com.tr\\\/?p=14846\",\"url\":\"https:\\\/\\\/millihaber.com.tr\\\/?p=14846\",\"name\":\"Reytinglerde kim birinci oldu? \u0130\u015fte 15 Eyl\u00fcl Pazar TV reyting s\u0131ralamas\u0131... - Milli Haber\",\"isPartOf\":{\"@id\":\"https:\\\/\\\/millihaber.com.tr\\\/#website\"},\"primaryImageOfPage\":{\"@id\":\"https:\\\/\\\/millihaber.com.tr\\\/?p=14846#primaryimage\"},\"image\":{\"@id\":\"https:\\\/\\\/millihaber.com.tr\\\/?p=14846#primaryimage\"},\"thumbnailUrl\":\"https:\\\/\\\/millihaber.com.tr\\\/wp-content\\\/uploads\\\/2024\\\/09\\\/y2-sxp4_cover-740x420.png\",\"datePublished\":\"2024-09-16T00:49:00+00:00\",\"author\":{\"@id\":\"https:\\\/\\\/millihaber.com.tr\\\/#\\\/schema\\\/person\\\/ce25ff78bd50c3fcd185fb298962da20\"},\"breadcrumb\":{\"@id\":\"https:\\\/\\\/millihaber.com.tr\\\/?p=14846#breadcrumb\"},\"inLanguage\":\"tr\",\"potentialAction\":[{\"@type\":\"ReadAction\",\"target\":[\"https:\\\/\\\/millihaber.com.tr\\\/?p=14846\"]}]},{\"@type\":\"ImageObject\",\"inLanguage\":\"tr\",\"@id\":\"https:\\\/\\\/millihaber.com.tr\\\/?p=14846#primaryimage\",\"url\":\"https:\\\/\\\/millihaber.com.tr\\\/wp-content\\\/uploads\\\/2024\\\/09\\\/y2-sxp4_cover-740x420.png\",\"contentUrl\":\"https:\\\/\\\/millihaber.com.tr\\\/wp-content\\\/uploads\\\/2024\\\/09\\\/y2-sxp4_cover-740x420.png\",\"width\":1280,\"height\":720},{\"@type\":\"BreadcrumbList\",\"@id\":\"https:\\\/\\\/millihaber.com.tr\\\/?p=14846#breadcrumb\",\"itemListElement\":[{\"@type\":\"ListItem\",\"position\":1,\"name\":\"Anasayfa\",\"item\":\"https:\\\/\\\/millihaber.com.tr\\\/\"},{\"@type\":\"ListItem\",\"position\":2,\"name\":\"Reytinglerde kim birinci oldu? \u0130\u015fte 15 Eyl\u00fcl Pazar TV reyting s\u0131ralamas\u0131&#8230;\"}]},{\"@type\":\"WebSite\",\"@id\":\"https:\\\/\\\/millihaber.com.tr\\\/#website\",\"url\":\"https:\\\/\\\/millihaber.com.tr\\\/\",\"name\":\"Milli Haber\",\"description\":\"Do\u011fru ve  tarafs\u0131z haber\",\"potentialAction\":[{\"@type\":\"SearchAction\",\"target\":{\"@type\":\"EntryPoint\",\"urlTemplate\":\"https:\\\/\\\/millihaber.com.tr\\\/?s={search_term_string}\"},\"query-input\":{\"@type\":\"PropertyValueSpecification\",\"valueRequired\":true,\"valueName\":\"search_term_string\"}}],\"inLanguage\":\"tr\"},{\"@type\":\"Person\",\"@id\":\"https:\\\/\\\/millihaber.com.tr\\\/#\\\/schema\\\/person\\\/ce25ff78bd50c3fcd185fb298962da20\",\"name\":\"admins\",\"image\":{\"@type\":\"ImageObject\",\"inLanguage\":\"tr\",\"@id\":\"https:\\\/\\\/secure.gravatar.com\\\/avatar\\\/e0fedbe3a363c5c8caf2fc642ce571dbc8b817fe6496640b86a44caa33342477?s=96&d=mm&r=g\",\"url\":\"https:\\\/\\\/secure.gravatar.com\\\/avatar\\\/e0fedbe3a363c5c8caf2fc642ce571dbc8b817fe6496640b86a44caa33342477?s=96&d=mm&r=g\",\"contentUrl\":\"https:\\\/\\\/secure.gravatar.com\\\/avatar\\\/e0fedbe3a363c5c8caf2fc642ce571dbc8b817fe6496640b86a44caa33342477?s=96&d=mm&r=g\",\"caption\":\"admins\"},\"sameAs\":[\"https:\\\/\\\/millihaber.com.tr\"],\"url\":\"https:\\\/\\\/millihaber.com.tr\\\/?author=1\"}]}<\/script>\n<!-- \/ Yoast SEO plugin. -->","yoast_head_json":{"title":"Reytinglerde kim birinci oldu? \u0130\u015fte 15 Eyl\u00fcl Pazar TV reyting s\u0131ralamas\u0131... - Milli Haber","robots":{"index":"index","follow":"follow","max-snippet":"max-snippet:-1","max-image-preview":"max-image-preview:large","max-video-preview":"max-video-preview:-1"},"canonical":"https:\/\/millihaber.com.tr\/?p=14846","og_locale":"tr_TR","og_type":"article","og_title":"Reytinglerde kim birinci oldu? \u0130\u015fte 15 Eyl\u00fcl Pazar TV reyting s\u0131ralamas\u0131... - Milli Haber","og_description":"Televizyon dizileri ve programlar\u0131 aras\u0131ndaki reyting m\u00fccadelesi her hafta b\u00fcy\u00fck bir heyecanla devam ediyor. Di\u011fer taraftan, televizyon dizilerini takip eden vatanda\u015flar g\u00fcnl\u00fck reyting sonu\u00e7lar\u0131n\u0131 da ara\u015ft\u0131rmay\u0131 ihmal etmiyor. \u0130\u015fte, 15 Eyl\u00fcl Pazar reyting sonu\u00e7lar\u0131! Detaylar haberimizde&#8230; \u0130\u015fte, ATV, Kanal D, FOX, Show, Star TV, TV8 reyting sonu\u00e7lar\u0131! Ayr\u0131nt\u0131lar haberimizde&#8230;","og_url":"https:\/\/millihaber.com.tr\/?p=14846","og_site_name":"Milli Haber","article_published_time":"2024-09-16T00:49:00+00:00","og_image":[{"width":1280,"height":720,"url":"https:\/\/millihaber.com.tr\/wp-content\/uploads\/2024\/09\/y2-sxp4_cover-740x420.png","type":"image\/png"}],"author":"admins","twitter_card":"summary_large_image","twitter_misc":{"Yazan:":"admins"},"schema":{"@context":"https:\/\/schema.org","@graph":[{"@type":"Article","@id":"https:\/\/millihaber.com.tr\/?p=14846#article","isPartOf":{"@id":"https:\/\/millihaber.com.tr\/?p=14846"},"author":{"name":"admins","@id":"https:\/\/millihaber.com.tr\/#\/schema\/person\/ce25ff78bd50c3fcd185fb298962da20"},"headline":"Reytinglerde kim birinci oldu? \u0130\u015fte 15 Eyl\u00fcl Pazar TV reyting s\u0131ralamas\u0131&#8230;","datePublished":"2024-09-16T00:49:00+00:00","mainEntityOfPage":{"@id":"https:\/\/millihaber.com.tr\/?p=14846"},"wordCount":77,"commentCount":0,"image":{"@id":"https:\/\/millihaber.com.tr\/?p=14846#primaryimage"},"thumbnailUrl":"https:\/\/millihaber.com.tr\/wp-content\/uploads\/2024\/09\/y2-sxp4_cover-740x420.png","articleSection":{"1":"G\u00fcndem"},"inLanguage":"tr","potentialAction":[{"@type":"CommentAction","name":"Comment","target":["https:\/\/millihaber.com.tr\/?p=14846#respond"]}]},{"@type":"WebPage","@id":"https:\/\/millihaber.com.tr\/?p=14846","url":"https:\/\/millihaber.com.tr\/?p=14846","name":"Reytinglerde kim birinci oldu? \u0130\u015fte 15 Eyl\u00fcl Pazar TV reyting s\u0131ralamas\u0131... - Milli Haber","isPartOf":{"@id":"https:\/\/millihaber.com.tr\/#website"},"primaryImageOfPage":{"@id":"https:\/\/millihaber.com.tr\/?p=14846#primaryimage"},"image":{"@id":"https:\/\/millihaber.com.tr\/?p=14846#primaryimage"},"thumbnailUrl":"https:\/\/millihaber.com.tr\/wp-content\/uploads\/2024\/09\/y2-sxp4_cover-740x420.png","datePublished":"2024-09-16T00:49:00+00:00","author":{"@id":"https:\/\/millihaber.com.tr\/#\/schema\/person\/ce25ff78bd50c3fcd185fb298962da20"},"breadcrumb":{"@id":"https:\/\/millihaber.com.tr\/?p=14846#breadcrumb"},"inLanguage":"tr","potentialAction":[{"@type":"ReadAction","target":["https:\/\/millihaber.com.tr\/?p=14846"]}]},{"@type":"ImageObject","inLanguage":"tr","@id":"https:\/\/millihaber.com.tr\/?p=14846#primaryimage","url":"https:\/\/millihaber.com.tr\/wp-content\/uploads\/2024\/09\/y2-sxp4_cover-740x420.png","contentUrl":"https:\/\/millihaber.com.tr\/wp-content\/uploads\/2024\/09\/y2-sxp4_cover-740x420.png","width":1280,"height":720},{"@type":"BreadcrumbList","@id":"https:\/\/millihaber.com.tr\/?p=14846#breadcrumb","itemListElement":[{"@type":"ListItem","position":1,"name":"Anasayfa","item":"https:\/\/millihaber.com.tr\/"},{"@type":"ListItem","position":2,"name":"Reytinglerde kim birinci oldu? \u0130\u015fte 15 Eyl\u00fcl Pazar TV reyting s\u0131ralamas\u0131&#8230;"}]},{"@type":"WebSite","@id":"https:\/\/millihaber.com.tr\/#website","url":"https:\/\/millihaber.com.tr\/","name":"Milli Haber","description":"Do\u011fru ve  tarafs\u0131z haber","potentialAction":[{"@type":"SearchAction","target":{"@type":"EntryPoint","urlTemplate":"https:\/\/millihaber.com.tr\/?s={search_term_string}"},"query-input":{"@type":"PropertyValueSpecification","valueRequired":true,"valueName":"search_term_string"}}],"inLanguage":"tr"},{"@type":"Person","@id":"https:\/\/millihaber.com.tr\/#\/schema\/person\/ce25ff78bd50c3fcd185fb298962da20","name":"admins","image":{"@type":"ImageObject","inLanguage":"tr","@id":"https:\/\/secure.gravatar.com\/avatar\/e0fedbe3a363c5c8caf2fc642ce571dbc8b817fe6496640b86a44caa33342477?s=96&d=mm&r=g","url":"https:\/\/secure.gravatar.com\/avatar\/e0fedbe3a363c5c8caf2fc642ce571dbc8b817fe6496640b86a44caa33342477?s=96&d=mm&r=g","contentUrl":"https:\/\/secure.gravatar.com\/avatar\/e0fedbe3a363c5c8caf2fc642ce571dbc8b817fe6496640b86a44caa33342477?s=96&d=mm&r=g","caption":"admins"},"sameAs":["https:\/\/millihaber.com.tr"],"url":"https:\/\/millihaber.com.tr\/?author=1"}]}},"_links":{"self":[{"href":"https:\/\/millihaber.com.tr\/index.php?rest_route=\/wp\/v2\/posts\/14846","targetHints":{"allow":["GET"]}}],"collection":[{"href":"https:\/\/millihaber.com.tr\/index.php?rest_route=\/wp\/v2\/posts"}],"about":[{"href":"https:\/\/millihaber.com.tr\/index.php?rest_route=\/wp\/v2\/types\/post"}],"author":[{"embeddable":true,"href":"https:\/\/millihaber.com.tr\/index.php?rest_route=\/wp\/v2\/users\/1"}],"replies":[{"embeddable":true,"href":"https:\/\/millihaber.com.tr\/index.php?rest_route=%2Fwp%2Fv2%2Fcomments&post=14846"}],"version-history":[{"count":0,"href":"https:\/\/millihaber.com.tr\/index.php?rest_route=\/wp\/v2\/posts\/14846\/revisions"}],"wp:featuredmedia":[{"embeddable":true,"href":"https:\/\/millihaber.com.tr\/index.php?rest_route=\/wp\/v2\/media\/14847"}],"wp:attachment":[{"href":"https:\/\/millihaber.com.tr\/index.php?rest_route=%2Fwp%2Fv2%2Fmedia&parent=14846"}],"wp:term":[{"taxonomy":"category","embeddable":true,"href":"https:\/\/millihaber.com.tr\/index.php?rest_route=%2Fwp%2Fv2%2Fcategories&post=14846"},{"taxonomy":"post_tag","embeddable":true,"href":"https:\/\/millihaber.com.tr\/index.php?rest_route=%2Fwp%2Fv2%2Ftags&post=14846"}],"curies":[{"name":"wp","href":"https:\/\/api.w.org\/{rel}","templated":true}]}}