{"id":14940,"date":"2024-09-17T22:06:00","date_gmt":"2024-09-17T22:06:00","guid":{"rendered":"https:\/\/millihaber.com.tr\/2024\/09\/17\/bakan-fidandan-lubnandaki-saldiri-sonrasi-kritik-gorusme\/"},"modified":"2024-09-17T22:06:00","modified_gmt":"2024-09-17T22:06:00","slug":"bakan-fidandan-lubnandaki-saldiri-sonrasi-kritik-gorusme","status":"publish","type":"post","link":"https:\/\/millihaber.com.tr\/?p=14940","title":{"rendered":"Bakan Fidan&#039;dan L\u00fcbnan&#039;daki sald\u0131r\u0131 sonras\u0131 kritik g\u00f6r\u00fc\u015fme"},"content":{"rendered":"<p>D\u0131\u015fi\u015fleri Bakan\u0131 Fidan, L\u00fcbnan&#8217;da \u00e7a\u011fr\u0131 cihazlar\u0131n\u0131n patlat\u0131lmas\u0131yla d\u00fczenlenen sald\u0131r\u0131lar\u0131n ard\u0131ndan, L\u00fcbnan Ba\u015fbakan\u0131 Mikati ile telefon g\u00f6r\u00fc\u015fmesi yapt\u0131.<\/p>\n","protected":false},"excerpt":{"rendered":"<p>D\u0131\u015fi\u015fleri Bakan\u0131 Fidan, L\u00fcbnan&#8217;da \u00e7a\u011fr\u0131 cihazlar\u0131n\u0131n patlat\u0131lmas\u0131yla d\u00fczenlenen sald\u0131r\u0131lar\u0131n ard\u0131ndan, L\u00fcbnan Ba\u015fbakan\u0131 Mikati ile telefon g\u00f6r\u00fc\u015fmesi yapt\u0131.<\/p>\n","protected":false},"author":1,"featured_media":14941,"comment_status":"open","ping_status":"open","sticky":false,"template":"","format":"standard","meta":{"footnotes":""},"categories":[4,5],"tags":[],"class_list":["post-14940","post","type-post","status-publish","format-standard","has-post-thumbnail","hentry","category-genel","category-gundem"],"yoast_head":"<!-- This site is optimized with the Yoast SEO plugin v28.3 - https:\/\/yoast.com\/product\/yoast-seo-wordpress\/ -->\n<title>Bakan Fidan&#039;dan L\u00fcbnan&#039;daki sald\u0131r\u0131 sonras\u0131 kritik g\u00f6r\u00fc\u015fme - Milli Haber<\/title>\n<meta name=\"robots\" content=\"index, follow, max-snippet:-1, max-image-preview:large, max-video-preview:-1\" \/>\n<link rel=\"canonical\" href=\"https:\/\/millihaber.com.tr\/?p=14940\" \/>\n<meta property=\"og:locale\" content=\"tr_TR\" \/>\n<meta property=\"og:type\" content=\"article\" \/>\n<meta property=\"og:title\" content=\"Bakan Fidan&#039;dan L\u00fcbnan&#039;daki sald\u0131r\u0131 sonras\u0131 kritik g\u00f6r\u00fc\u015fme - Milli Haber\" \/>\n<meta property=\"og:description\" content=\"D\u0131\u015fi\u015fleri Bakan\u0131 Fidan, L\u00fcbnan&#8217;da \u00e7a\u011fr\u0131 cihazlar\u0131n\u0131n patlat\u0131lmas\u0131yla d\u00fczenlenen sald\u0131r\u0131lar\u0131n ard\u0131ndan, L\u00fcbnan Ba\u015fbakan\u0131 Mikati ile telefon g\u00f6r\u00fc\u015fmesi yapt\u0131.\" \/>\n<meta property=\"og:url\" content=\"https:\/\/millihaber.com.tr\/?p=14940\" \/>\n<meta property=\"og:site_name\" content=\"Milli Haber\" \/>\n<meta property=\"article:published_time\" content=\"2024-09-17T22:06:00+00:00\" \/>\n<meta property=\"og:image\" content=\"https:\/\/millihaber.com.tr\/wp-content\/uploads\/2024\/09\/15-g5uo_cover-740x420.jpg\" \/>\n\t<meta property=\"og:image:width\" content=\"1280\" \/>\n\t<meta property=\"og:image:height\" content=\"720\" \/>\n\t<meta property=\"og:image:type\" content=\"image\/jpeg\" \/>\n<meta name=\"author\" content=\"admins\" \/>\n<meta name=\"twitter:card\" content=\"summary_large_image\" \/>\n<meta name=\"twitter:label1\" content=\"Yazan:\" \/>\n\t<meta name=\"twitter:data1\" content=\"admins\" \/>\n<script type=\"application\/ld+json\" class=\"yoast-schema-graph\">{\"@context\":\"https:\\\/\\\/schema.org\",\"@graph\":[{\"@type\":\"Article\",\"@id\":\"https:\\\/\\\/millihaber.com.tr\\\/?p=14940#article\",\"isPartOf\":{\"@id\":\"https:\\\/\\\/millihaber.com.tr\\\/?p=14940\"},\"author\":{\"name\":\"admins\",\"@id\":\"https:\\\/\\\/millihaber.com.tr\\\/#\\\/schema\\\/person\\\/ce25ff78bd50c3fcd185fb298962da20\"},\"headline\":\"Bakan Fidan&#039;dan L\u00fcbnan&#039;daki sald\u0131r\u0131 sonras\u0131 kritik g\u00f6r\u00fc\u015fme\",\"datePublished\":\"2024-09-17T22:06:00+00:00\",\"mainEntityOfPage\":{\"@id\":\"https:\\\/\\\/millihaber.com.tr\\\/?p=14940\"},\"wordCount\":48,\"commentCount\":0,\"image\":{\"@id\":\"https:\\\/\\\/millihaber.com.tr\\\/?p=14940#primaryimage\"},\"thumbnailUrl\":\"https:\\\/\\\/millihaber.com.tr\\\/wp-content\\\/uploads\\\/2024\\\/09\\\/15-g5uo_cover-740x420.jpg\",\"articleSection\":{\"1\":\"G\u00fcndem\"},\"inLanguage\":\"tr\",\"potentialAction\":[{\"@type\":\"CommentAction\",\"name\":\"Comment\",\"target\":[\"https:\\\/\\\/millihaber.com.tr\\\/?p=14940#respond\"]}]},{\"@type\":\"WebPage\",\"@id\":\"https:\\\/\\\/millihaber.com.tr\\\/?p=14940\",\"url\":\"https:\\\/\\\/millihaber.com.tr\\\/?p=14940\",\"name\":\"Bakan Fidan&#039;dan L\u00fcbnan&#039;daki sald\u0131r\u0131 sonras\u0131 kritik g\u00f6r\u00fc\u015fme - Milli Haber\",\"isPartOf\":{\"@id\":\"https:\\\/\\\/millihaber.com.tr\\\/#website\"},\"primaryImageOfPage\":{\"@id\":\"https:\\\/\\\/millihaber.com.tr\\\/?p=14940#primaryimage\"},\"image\":{\"@id\":\"https:\\\/\\\/millihaber.com.tr\\\/?p=14940#primaryimage\"},\"thumbnailUrl\":\"https:\\\/\\\/millihaber.com.tr\\\/wp-content\\\/uploads\\\/2024\\\/09\\\/15-g5uo_cover-740x420.jpg\",\"datePublished\":\"2024-09-17T22:06:00+00:00\",\"author\":{\"@id\":\"https:\\\/\\\/millihaber.com.tr\\\/#\\\/schema\\\/person\\\/ce25ff78bd50c3fcd185fb298962da20\"},\"breadcrumb\":{\"@id\":\"https:\\\/\\\/millihaber.com.tr\\\/?p=14940#breadcrumb\"},\"inLanguage\":\"tr\",\"potentialAction\":[{\"@type\":\"ReadAction\",\"target\":[\"https:\\\/\\\/millihaber.com.tr\\\/?p=14940\"]}]},{\"@type\":\"ImageObject\",\"inLanguage\":\"tr\",\"@id\":\"https:\\\/\\\/millihaber.com.tr\\\/?p=14940#primaryimage\",\"url\":\"https:\\\/\\\/millihaber.com.tr\\\/wp-content\\\/uploads\\\/2024\\\/09\\\/15-g5uo_cover-740x420.jpg\",\"contentUrl\":\"https:\\\/\\\/millihaber.com.tr\\\/wp-content\\\/uploads\\\/2024\\\/09\\\/15-g5uo_cover-740x420.jpg\",\"width\":1280,\"height\":720},{\"@type\":\"BreadcrumbList\",\"@id\":\"https:\\\/\\\/millihaber.com.tr\\\/?p=14940#breadcrumb\",\"itemListElement\":[{\"@type\":\"ListItem\",\"position\":1,\"name\":\"Anasayfa\",\"item\":\"https:\\\/\\\/millihaber.com.tr\\\/\"},{\"@type\":\"ListItem\",\"position\":2,\"name\":\"Bakan Fidan&#039;dan L\u00fcbnan&#039;daki sald\u0131r\u0131 sonras\u0131 kritik g\u00f6r\u00fc\u015fme\"}]},{\"@type\":\"WebSite\",\"@id\":\"https:\\\/\\\/millihaber.com.tr\\\/#website\",\"url\":\"https:\\\/\\\/millihaber.com.tr\\\/\",\"name\":\"Milli Haber\",\"description\":\"Do\u011fru ve  tarafs\u0131z haber\",\"potentialAction\":[{\"@type\":\"SearchAction\",\"target\":{\"@type\":\"EntryPoint\",\"urlTemplate\":\"https:\\\/\\\/millihaber.com.tr\\\/?s={search_term_string}\"},\"query-input\":{\"@type\":\"PropertyValueSpecification\",\"valueRequired\":true,\"valueName\":\"search_term_string\"}}],\"inLanguage\":\"tr\"},{\"@type\":\"Person\",\"@id\":\"https:\\\/\\\/millihaber.com.tr\\\/#\\\/schema\\\/person\\\/ce25ff78bd50c3fcd185fb298962da20\",\"name\":\"admins\",\"image\":{\"@type\":\"ImageObject\",\"inLanguage\":\"tr\",\"@id\":\"https:\\\/\\\/secure.gravatar.com\\\/avatar\\\/e0fedbe3a363c5c8caf2fc642ce571dbc8b817fe6496640b86a44caa33342477?s=96&d=mm&r=g\",\"url\":\"https:\\\/\\\/secure.gravatar.com\\\/avatar\\\/e0fedbe3a363c5c8caf2fc642ce571dbc8b817fe6496640b86a44caa33342477?s=96&d=mm&r=g\",\"contentUrl\":\"https:\\\/\\\/secure.gravatar.com\\\/avatar\\\/e0fedbe3a363c5c8caf2fc642ce571dbc8b817fe6496640b86a44caa33342477?s=96&d=mm&r=g\",\"caption\":\"admins\"},\"sameAs\":[\"https:\\\/\\\/millihaber.com.tr\"],\"url\":\"https:\\\/\\\/millihaber.com.tr\\\/?author=1\"}]}<\/script>\n<!-- \/ Yoast SEO plugin. -->","yoast_head_json":{"title":"Bakan Fidan&#039;dan L\u00fcbnan&#039;daki sald\u0131r\u0131 sonras\u0131 kritik g\u00f6r\u00fc\u015fme - Milli Haber","robots":{"index":"index","follow":"follow","max-snippet":"max-snippet:-1","max-image-preview":"max-image-preview:large","max-video-preview":"max-video-preview:-1"},"canonical":"https:\/\/millihaber.com.tr\/?p=14940","og_locale":"tr_TR","og_type":"article","og_title":"Bakan Fidan&#039;dan L\u00fcbnan&#039;daki sald\u0131r\u0131 sonras\u0131 kritik g\u00f6r\u00fc\u015fme - Milli Haber","og_description":"D\u0131\u015fi\u015fleri Bakan\u0131 Fidan, L\u00fcbnan&#8217;da \u00e7a\u011fr\u0131 cihazlar\u0131n\u0131n patlat\u0131lmas\u0131yla d\u00fczenlenen sald\u0131r\u0131lar\u0131n ard\u0131ndan, L\u00fcbnan Ba\u015fbakan\u0131 Mikati ile telefon g\u00f6r\u00fc\u015fmesi yapt\u0131.","og_url":"https:\/\/millihaber.com.tr\/?p=14940","og_site_name":"Milli Haber","article_published_time":"2024-09-17T22:06:00+00:00","og_image":[{"width":1280,"height":720,"url":"https:\/\/millihaber.com.tr\/wp-content\/uploads\/2024\/09\/15-g5uo_cover-740x420.jpg","type":"image\/jpeg"}],"author":"admins","twitter_card":"summary_large_image","twitter_misc":{"Yazan:":"admins"},"schema":{"@context":"https:\/\/schema.org","@graph":[{"@type":"Article","@id":"https:\/\/millihaber.com.tr\/?p=14940#article","isPartOf":{"@id":"https:\/\/millihaber.com.tr\/?p=14940"},"author":{"name":"admins","@id":"https:\/\/millihaber.com.tr\/#\/schema\/person\/ce25ff78bd50c3fcd185fb298962da20"},"headline":"Bakan Fidan&#039;dan L\u00fcbnan&#039;daki sald\u0131r\u0131 sonras\u0131 kritik g\u00f6r\u00fc\u015fme","datePublished":"2024-09-17T22:06:00+00:00","mainEntityOfPage":{"@id":"https:\/\/millihaber.com.tr\/?p=14940"},"wordCount":48,"commentCount":0,"image":{"@id":"https:\/\/millihaber.com.tr\/?p=14940#primaryimage"},"thumbnailUrl":"https:\/\/millihaber.com.tr\/wp-content\/uploads\/2024\/09\/15-g5uo_cover-740x420.jpg","articleSection":{"1":"G\u00fcndem"},"inLanguage":"tr","potentialAction":[{"@type":"CommentAction","name":"Comment","target":["https:\/\/millihaber.com.tr\/?p=14940#respond"]}]},{"@type":"WebPage","@id":"https:\/\/millihaber.com.tr\/?p=14940","url":"https:\/\/millihaber.com.tr\/?p=14940","name":"Bakan Fidan&#039;dan L\u00fcbnan&#039;daki sald\u0131r\u0131 sonras\u0131 kritik g\u00f6r\u00fc\u015fme - Milli Haber","isPartOf":{"@id":"https:\/\/millihaber.com.tr\/#website"},"primaryImageOfPage":{"@id":"https:\/\/millihaber.com.tr\/?p=14940#primaryimage"},"image":{"@id":"https:\/\/millihaber.com.tr\/?p=14940#primaryimage"},"thumbnailUrl":"https:\/\/millihaber.com.tr\/wp-content\/uploads\/2024\/09\/15-g5uo_cover-740x420.jpg","datePublished":"2024-09-17T22:06:00+00:00","author":{"@id":"https:\/\/millihaber.com.tr\/#\/schema\/person\/ce25ff78bd50c3fcd185fb298962da20"},"breadcrumb":{"@id":"https:\/\/millihaber.com.tr\/?p=14940#breadcrumb"},"inLanguage":"tr","potentialAction":[{"@type":"ReadAction","target":["https:\/\/millihaber.com.tr\/?p=14940"]}]},{"@type":"ImageObject","inLanguage":"tr","@id":"https:\/\/millihaber.com.tr\/?p=14940#primaryimage","url":"https:\/\/millihaber.com.tr\/wp-content\/uploads\/2024\/09\/15-g5uo_cover-740x420.jpg","contentUrl":"https:\/\/millihaber.com.tr\/wp-content\/uploads\/2024\/09\/15-g5uo_cover-740x420.jpg","width":1280,"height":720},{"@type":"BreadcrumbList","@id":"https:\/\/millihaber.com.tr\/?p=14940#breadcrumb","itemListElement":[{"@type":"ListItem","position":1,"name":"Anasayfa","item":"https:\/\/millihaber.com.tr\/"},{"@type":"ListItem","position":2,"name":"Bakan Fidan&#039;dan L\u00fcbnan&#039;daki sald\u0131r\u0131 sonras\u0131 kritik g\u00f6r\u00fc\u015fme"}]},{"@type":"WebSite","@id":"https:\/\/millihaber.com.tr\/#website","url":"https:\/\/millihaber.com.tr\/","name":"Milli Haber","description":"Do\u011fru ve  tarafs\u0131z haber","potentialAction":[{"@type":"SearchAction","target":{"@type":"EntryPoint","urlTemplate":"https:\/\/millihaber.com.tr\/?s={search_term_string}"},"query-input":{"@type":"PropertyValueSpecification","valueRequired":true,"valueName":"search_term_string"}}],"inLanguage":"tr"},{"@type":"Person","@id":"https:\/\/millihaber.com.tr\/#\/schema\/person\/ce25ff78bd50c3fcd185fb298962da20","name":"admins","image":{"@type":"ImageObject","inLanguage":"tr","@id":"https:\/\/secure.gravatar.com\/avatar\/e0fedbe3a363c5c8caf2fc642ce571dbc8b817fe6496640b86a44caa33342477?s=96&d=mm&r=g","url":"https:\/\/secure.gravatar.com\/avatar\/e0fedbe3a363c5c8caf2fc642ce571dbc8b817fe6496640b86a44caa33342477?s=96&d=mm&r=g","contentUrl":"https:\/\/secure.gravatar.com\/avatar\/e0fedbe3a363c5c8caf2fc642ce571dbc8b817fe6496640b86a44caa33342477?s=96&d=mm&r=g","caption":"admins"},"sameAs":["https:\/\/millihaber.com.tr"],"url":"https:\/\/millihaber.com.tr\/?author=1"}]}},"_links":{"self":[{"href":"https:\/\/millihaber.com.tr\/index.php?rest_route=\/wp\/v2\/posts\/14940","targetHints":{"allow":["GET"]}}],"collection":[{"href":"https:\/\/millihaber.com.tr\/index.php?rest_route=\/wp\/v2\/posts"}],"about":[{"href":"https:\/\/millihaber.com.tr\/index.php?rest_route=\/wp\/v2\/types\/post"}],"author":[{"embeddable":true,"href":"https:\/\/millihaber.com.tr\/index.php?rest_route=\/wp\/v2\/users\/1"}],"replies":[{"embeddable":true,"href":"https:\/\/millihaber.com.tr\/index.php?rest_route=%2Fwp%2Fv2%2Fcomments&post=14940"}],"version-history":[{"count":0,"href":"https:\/\/millihaber.com.tr\/index.php?rest_route=\/wp\/v2\/posts\/14940\/revisions"}],"wp:featuredmedia":[{"embeddable":true,"href":"https:\/\/millihaber.com.tr\/index.php?rest_route=\/wp\/v2\/media\/14941"}],"wp:attachment":[{"href":"https:\/\/millihaber.com.tr\/index.php?rest_route=%2Fwp%2Fv2%2Fmedia&parent=14940"}],"wp:term":[{"taxonomy":"category","embeddable":true,"href":"https:\/\/millihaber.com.tr\/index.php?rest_route=%2Fwp%2Fv2%2Fcategories&post=14940"},{"taxonomy":"post_tag","embeddable":true,"href":"https:\/\/millihaber.com.tr\/index.php?rest_route=%2Fwp%2Fv2%2Ftags&post=14940"}],"curies":[{"name":"wp","href":"https:\/\/api.w.org\/{rel}","templated":true}]}}