{"id":8358,"date":"2024-04-23T22:30:00","date_gmt":"2024-04-23T22:30:00","guid":{"rendered":"https:\/\/millihaber.com.tr\/2024\/04\/23\/ahmet-cakardan-herkesi-sasirtan-kehanet-umit-ozat-olecek-dedi-cevap-gecikmedi-duasi-kabul-olsa\/"},"modified":"2024-04-23T22:30:00","modified_gmt":"2024-04-23T22:30:00","slug":"ahmet-cakardan-herkesi-sasirtan-kehanet-umit-ozat-olecek-dedi-cevap-gecikmedi-duasi-kabul-olsa","status":"publish","type":"post","link":"https:\/\/millihaber.com.tr\/?p=8358","title":{"rendered":"Ahmet \u00c7akar&#039;dan herkesi \u015fa\u015f\u0131rtan kehanet! &#039;\u00dcmit \u00d6zat \u00f6lecek&#039; dedi cevap gecikmedi: &#039;Duas\u0131 kabul olsa&#8230;&#039;"},"content":{"rendered":"<p>\u00dcnl\u00fc spor yorumcusu, eski hakem Ahmet \u00c7akar, S\u00fcper Lig&#8217;in 33. haftas\u0131nda oynanan Sivasspor &#8211; Fenerbah\u00e7e ma\u00e7\u0131n\u0131 yorumlad\u0131\u011f\u0131 s\u0131rada \u00e7ok herkesi \u015fa\u015f\u0131rtan bir kehanette bulundu. \u00c7akar, bir d\u00f6nem ayn\u0131 programda yer ald\u0131\u011f\u0131 eski futbolcu \u00dcmit \u00d6zat&#8217;\u0131n bu ak\u015fam \u00f6lece\u011fini (Pazartesi) duyurdu.<\/p>\n","protected":false},"excerpt":{"rendered":"<p>\u00dcnl\u00fc spor yorumcusu, eski hakem Ahmet \u00c7akar, S\u00fcper Lig&#8217;in 33. haftas\u0131nda oynanan Sivasspor &#8211; Fenerbah\u00e7e ma\u00e7\u0131n\u0131 yorumlad\u0131\u011f\u0131 s\u0131rada \u00e7ok herkesi \u015fa\u015f\u0131rtan bir kehanette bulundu. \u00c7akar, bir d\u00f6nem ayn\u0131 programda yer ald\u0131\u011f\u0131 eski futbolcu \u00dcmit \u00d6zat&#8217;\u0131n bu ak\u015fam \u00f6lece\u011fini (Pazartesi) duyurdu.<\/p>\n","protected":false},"author":1,"featured_media":8359,"comment_status":"open","ping_status":"open","sticky":false,"template":"","format":"standard","meta":{"footnotes":""},"categories":[4,5],"tags":[],"class_list":["post-8358","post","type-post","status-publish","format-standard","has-post-thumbnail","hentry","category-genel","category-gundem"],"yoast_head":"<!-- This site is optimized with the Yoast SEO plugin v28.3 - https:\/\/yoast.com\/product\/yoast-seo-wordpress\/ -->\n<title>Ahmet \u00c7akar&#039;dan herkesi \u015fa\u015f\u0131rtan kehanet! &#039;\u00dcmit \u00d6zat \u00f6lecek&#039; dedi cevap gecikmedi: &#039;Duas\u0131 kabul olsa...&#039; - Milli Haber<\/title>\n<meta name=\"robots\" content=\"index, follow, max-snippet:-1, max-image-preview:large, max-video-preview:-1\" \/>\n<link rel=\"canonical\" href=\"https:\/\/millihaber.com.tr\/?p=8358\" \/>\n<meta property=\"og:locale\" content=\"tr_TR\" \/>\n<meta property=\"og:type\" content=\"article\" \/>\n<meta property=\"og:title\" content=\"Ahmet \u00c7akar&#039;dan herkesi \u015fa\u015f\u0131rtan kehanet! &#039;\u00dcmit \u00d6zat \u00f6lecek&#039; dedi cevap gecikmedi: &#039;Duas\u0131 kabul olsa...&#039; - Milli Haber\" \/>\n<meta property=\"og:description\" content=\"\u00dcnl\u00fc spor yorumcusu, eski hakem Ahmet \u00c7akar, S\u00fcper Lig&#8217;in 33. haftas\u0131nda oynanan Sivasspor &#8211; Fenerbah\u00e7e ma\u00e7\u0131n\u0131 yorumlad\u0131\u011f\u0131 s\u0131rada \u00e7ok herkesi \u015fa\u015f\u0131rtan bir kehanette bulundu. \u00c7akar, bir d\u00f6nem ayn\u0131 programda yer ald\u0131\u011f\u0131 eski futbolcu \u00dcmit \u00d6zat&#8217;\u0131n bu ak\u015fam \u00f6lece\u011fini (Pazartesi) duyurdu.\" \/>\n<meta property=\"og:url\" content=\"https:\/\/millihaber.com.tr\/?p=8358\" \/>\n<meta property=\"og:site_name\" content=\"Milli Haber\" \/>\n<meta property=\"article:published_time\" content=\"2024-04-23T22:30:00+00:00\" \/>\n<meta property=\"og:image\" content=\"https:\/\/millihaber.com.tr\/wp-content\/uploads\/2024\/04\/adsiz-tasarim-untv_cover-740x420.png\" \/>\n\t<meta property=\"og:image:width\" content=\"1280\" \/>\n\t<meta property=\"og:image:height\" content=\"720\" \/>\n\t<meta property=\"og:image:type\" content=\"image\/png\" \/>\n<meta name=\"author\" content=\"admins\" \/>\n<meta name=\"twitter:card\" content=\"summary_large_image\" \/>\n<meta name=\"twitter:label1\" content=\"Yazan:\" \/>\n\t<meta name=\"twitter:data1\" content=\"admins\" \/>\n<script type=\"application\/ld+json\" class=\"yoast-schema-graph\">{\"@context\":\"https:\\\/\\\/schema.org\",\"@graph\":[{\"@type\":\"Article\",\"@id\":\"https:\\\/\\\/millihaber.com.tr\\\/?p=8358#article\",\"isPartOf\":{\"@id\":\"https:\\\/\\\/millihaber.com.tr\\\/?p=8358\"},\"author\":{\"name\":\"admins\",\"@id\":\"https:\\\/\\\/millihaber.com.tr\\\/#\\\/schema\\\/person\\\/ce25ff78bd50c3fcd185fb298962da20\"},\"headline\":\"Ahmet \u00c7akar&#039;dan herkesi \u015fa\u015f\u0131rtan kehanet! &#039;\u00dcmit \u00d6zat \u00f6lecek&#039; dedi cevap gecikmedi: &#039;Duas\u0131 kabul olsa&#8230;&#039;\",\"datePublished\":\"2024-04-23T22:30:00+00:00\",\"mainEntityOfPage\":{\"@id\":\"https:\\\/\\\/millihaber.com.tr\\\/?p=8358\"},\"wordCount\":66,\"commentCount\":0,\"image\":{\"@id\":\"https:\\\/\\\/millihaber.com.tr\\\/?p=8358#primaryimage\"},\"thumbnailUrl\":\"https:\\\/\\\/millihaber.com.tr\\\/wp-content\\\/uploads\\\/2024\\\/04\\\/adsiz-tasarim-untv_cover-740x420.png\",\"articleSection\":{\"1\":\"G\u00fcndem\"},\"inLanguage\":\"tr\",\"potentialAction\":[{\"@type\":\"CommentAction\",\"name\":\"Comment\",\"target\":[\"https:\\\/\\\/millihaber.com.tr\\\/?p=8358#respond\"]}]},{\"@type\":\"WebPage\",\"@id\":\"https:\\\/\\\/millihaber.com.tr\\\/?p=8358\",\"url\":\"https:\\\/\\\/millihaber.com.tr\\\/?p=8358\",\"name\":\"Ahmet \u00c7akar&#039;dan herkesi \u015fa\u015f\u0131rtan kehanet! &#039;\u00dcmit \u00d6zat \u00f6lecek&#039; dedi cevap gecikmedi: &#039;Duas\u0131 kabul olsa...&#039; - Milli Haber\",\"isPartOf\":{\"@id\":\"https:\\\/\\\/millihaber.com.tr\\\/#website\"},\"primaryImageOfPage\":{\"@id\":\"https:\\\/\\\/millihaber.com.tr\\\/?p=8358#primaryimage\"},\"image\":{\"@id\":\"https:\\\/\\\/millihaber.com.tr\\\/?p=8358#primaryimage\"},\"thumbnailUrl\":\"https:\\\/\\\/millihaber.com.tr\\\/wp-content\\\/uploads\\\/2024\\\/04\\\/adsiz-tasarim-untv_cover-740x420.png\",\"datePublished\":\"2024-04-23T22:30:00+00:00\",\"author\":{\"@id\":\"https:\\\/\\\/millihaber.com.tr\\\/#\\\/schema\\\/person\\\/ce25ff78bd50c3fcd185fb298962da20\"},\"breadcrumb\":{\"@id\":\"https:\\\/\\\/millihaber.com.tr\\\/?p=8358#breadcrumb\"},\"inLanguage\":\"tr\",\"potentialAction\":[{\"@type\":\"ReadAction\",\"target\":[\"https:\\\/\\\/millihaber.com.tr\\\/?p=8358\"]}]},{\"@type\":\"ImageObject\",\"inLanguage\":\"tr\",\"@id\":\"https:\\\/\\\/millihaber.com.tr\\\/?p=8358#primaryimage\",\"url\":\"https:\\\/\\\/millihaber.com.tr\\\/wp-content\\\/uploads\\\/2024\\\/04\\\/adsiz-tasarim-untv_cover-740x420.png\",\"contentUrl\":\"https:\\\/\\\/millihaber.com.tr\\\/wp-content\\\/uploads\\\/2024\\\/04\\\/adsiz-tasarim-untv_cover-740x420.png\",\"width\":1280,\"height\":720},{\"@type\":\"BreadcrumbList\",\"@id\":\"https:\\\/\\\/millihaber.com.tr\\\/?p=8358#breadcrumb\",\"itemListElement\":[{\"@type\":\"ListItem\",\"position\":1,\"name\":\"Anasayfa\",\"item\":\"https:\\\/\\\/millihaber.com.tr\\\/\"},{\"@type\":\"ListItem\",\"position\":2,\"name\":\"Ahmet \u00c7akar&#039;dan herkesi \u015fa\u015f\u0131rtan kehanet! &#039;\u00dcmit \u00d6zat \u00f6lecek&#039; dedi cevap gecikmedi: &#039;Duas\u0131 kabul olsa&#8230;&#039;\"}]},{\"@type\":\"WebSite\",\"@id\":\"https:\\\/\\\/millihaber.com.tr\\\/#website\",\"url\":\"https:\\\/\\\/millihaber.com.tr\\\/\",\"name\":\"Milli Haber\",\"description\":\"Do\u011fru ve  tarafs\u0131z haber\",\"potentialAction\":[{\"@type\":\"SearchAction\",\"target\":{\"@type\":\"EntryPoint\",\"urlTemplate\":\"https:\\\/\\\/millihaber.com.tr\\\/?s={search_term_string}\"},\"query-input\":{\"@type\":\"PropertyValueSpecification\",\"valueRequired\":true,\"valueName\":\"search_term_string\"}}],\"inLanguage\":\"tr\"},{\"@type\":\"Person\",\"@id\":\"https:\\\/\\\/millihaber.com.tr\\\/#\\\/schema\\\/person\\\/ce25ff78bd50c3fcd185fb298962da20\",\"name\":\"admins\",\"image\":{\"@type\":\"ImageObject\",\"inLanguage\":\"tr\",\"@id\":\"https:\\\/\\\/secure.gravatar.com\\\/avatar\\\/e0fedbe3a363c5c8caf2fc642ce571dbc8b817fe6496640b86a44caa33342477?s=96&d=mm&r=g\",\"url\":\"https:\\\/\\\/secure.gravatar.com\\\/avatar\\\/e0fedbe3a363c5c8caf2fc642ce571dbc8b817fe6496640b86a44caa33342477?s=96&d=mm&r=g\",\"contentUrl\":\"https:\\\/\\\/secure.gravatar.com\\\/avatar\\\/e0fedbe3a363c5c8caf2fc642ce571dbc8b817fe6496640b86a44caa33342477?s=96&d=mm&r=g\",\"caption\":\"admins\"},\"sameAs\":[\"https:\\\/\\\/millihaber.com.tr\"],\"url\":\"https:\\\/\\\/millihaber.com.tr\\\/?author=1\"}]}<\/script>\n<!-- \/ Yoast SEO plugin. -->","yoast_head_json":{"title":"Ahmet \u00c7akar&#039;dan herkesi \u015fa\u015f\u0131rtan kehanet! &#039;\u00dcmit \u00d6zat \u00f6lecek&#039; dedi cevap gecikmedi: &#039;Duas\u0131 kabul olsa...&#039; - Milli Haber","robots":{"index":"index","follow":"follow","max-snippet":"max-snippet:-1","max-image-preview":"max-image-preview:large","max-video-preview":"max-video-preview:-1"},"canonical":"https:\/\/millihaber.com.tr\/?p=8358","og_locale":"tr_TR","og_type":"article","og_title":"Ahmet \u00c7akar&#039;dan herkesi \u015fa\u015f\u0131rtan kehanet! &#039;\u00dcmit \u00d6zat \u00f6lecek&#039; dedi cevap gecikmedi: &#039;Duas\u0131 kabul olsa...&#039; - Milli Haber","og_description":"\u00dcnl\u00fc spor yorumcusu, eski hakem Ahmet \u00c7akar, S\u00fcper Lig&#8217;in 33. haftas\u0131nda oynanan Sivasspor &#8211; Fenerbah\u00e7e ma\u00e7\u0131n\u0131 yorumlad\u0131\u011f\u0131 s\u0131rada \u00e7ok herkesi \u015fa\u015f\u0131rtan bir kehanette bulundu. \u00c7akar, bir d\u00f6nem ayn\u0131 programda yer ald\u0131\u011f\u0131 eski futbolcu \u00dcmit \u00d6zat&#8217;\u0131n bu ak\u015fam \u00f6lece\u011fini (Pazartesi) duyurdu.","og_url":"https:\/\/millihaber.com.tr\/?p=8358","og_site_name":"Milli Haber","article_published_time":"2024-04-23T22:30:00+00:00","og_image":[{"width":1280,"height":720,"url":"https:\/\/millihaber.com.tr\/wp-content\/uploads\/2024\/04\/adsiz-tasarim-untv_cover-740x420.png","type":"image\/png"}],"author":"admins","twitter_card":"summary_large_image","twitter_misc":{"Yazan:":"admins"},"schema":{"@context":"https:\/\/schema.org","@graph":[{"@type":"Article","@id":"https:\/\/millihaber.com.tr\/?p=8358#article","isPartOf":{"@id":"https:\/\/millihaber.com.tr\/?p=8358"},"author":{"name":"admins","@id":"https:\/\/millihaber.com.tr\/#\/schema\/person\/ce25ff78bd50c3fcd185fb298962da20"},"headline":"Ahmet \u00c7akar&#039;dan herkesi \u015fa\u015f\u0131rtan kehanet! &#039;\u00dcmit \u00d6zat \u00f6lecek&#039; dedi cevap gecikmedi: &#039;Duas\u0131 kabul olsa&#8230;&#039;","datePublished":"2024-04-23T22:30:00+00:00","mainEntityOfPage":{"@id":"https:\/\/millihaber.com.tr\/?p=8358"},"wordCount":66,"commentCount":0,"image":{"@id":"https:\/\/millihaber.com.tr\/?p=8358#primaryimage"},"thumbnailUrl":"https:\/\/millihaber.com.tr\/wp-content\/uploads\/2024\/04\/adsiz-tasarim-untv_cover-740x420.png","articleSection":{"1":"G\u00fcndem"},"inLanguage":"tr","potentialAction":[{"@type":"CommentAction","name":"Comment","target":["https:\/\/millihaber.com.tr\/?p=8358#respond"]}]},{"@type":"WebPage","@id":"https:\/\/millihaber.com.tr\/?p=8358","url":"https:\/\/millihaber.com.tr\/?p=8358","name":"Ahmet \u00c7akar&#039;dan herkesi \u015fa\u015f\u0131rtan kehanet! &#039;\u00dcmit \u00d6zat \u00f6lecek&#039; dedi cevap gecikmedi: &#039;Duas\u0131 kabul olsa...&#039; - Milli Haber","isPartOf":{"@id":"https:\/\/millihaber.com.tr\/#website"},"primaryImageOfPage":{"@id":"https:\/\/millihaber.com.tr\/?p=8358#primaryimage"},"image":{"@id":"https:\/\/millihaber.com.tr\/?p=8358#primaryimage"},"thumbnailUrl":"https:\/\/millihaber.com.tr\/wp-content\/uploads\/2024\/04\/adsiz-tasarim-untv_cover-740x420.png","datePublished":"2024-04-23T22:30:00+00:00","author":{"@id":"https:\/\/millihaber.com.tr\/#\/schema\/person\/ce25ff78bd50c3fcd185fb298962da20"},"breadcrumb":{"@id":"https:\/\/millihaber.com.tr\/?p=8358#breadcrumb"},"inLanguage":"tr","potentialAction":[{"@type":"ReadAction","target":["https:\/\/millihaber.com.tr\/?p=8358"]}]},{"@type":"ImageObject","inLanguage":"tr","@id":"https:\/\/millihaber.com.tr\/?p=8358#primaryimage","url":"https:\/\/millihaber.com.tr\/wp-content\/uploads\/2024\/04\/adsiz-tasarim-untv_cover-740x420.png","contentUrl":"https:\/\/millihaber.com.tr\/wp-content\/uploads\/2024\/04\/adsiz-tasarim-untv_cover-740x420.png","width":1280,"height":720},{"@type":"BreadcrumbList","@id":"https:\/\/millihaber.com.tr\/?p=8358#breadcrumb","itemListElement":[{"@type":"ListItem","position":1,"name":"Anasayfa","item":"https:\/\/millihaber.com.tr\/"},{"@type":"ListItem","position":2,"name":"Ahmet \u00c7akar&#039;dan herkesi \u015fa\u015f\u0131rtan kehanet! &#039;\u00dcmit \u00d6zat \u00f6lecek&#039; dedi cevap gecikmedi: &#039;Duas\u0131 kabul olsa&#8230;&#039;"}]},{"@type":"WebSite","@id":"https:\/\/millihaber.com.tr\/#website","url":"https:\/\/millihaber.com.tr\/","name":"Milli Haber","description":"Do\u011fru ve  tarafs\u0131z haber","potentialAction":[{"@type":"SearchAction","target":{"@type":"EntryPoint","urlTemplate":"https:\/\/millihaber.com.tr\/?s={search_term_string}"},"query-input":{"@type":"PropertyValueSpecification","valueRequired":true,"valueName":"search_term_string"}}],"inLanguage":"tr"},{"@type":"Person","@id":"https:\/\/millihaber.com.tr\/#\/schema\/person\/ce25ff78bd50c3fcd185fb298962da20","name":"admins","image":{"@type":"ImageObject","inLanguage":"tr","@id":"https:\/\/secure.gravatar.com\/avatar\/e0fedbe3a363c5c8caf2fc642ce571dbc8b817fe6496640b86a44caa33342477?s=96&d=mm&r=g","url":"https:\/\/secure.gravatar.com\/avatar\/e0fedbe3a363c5c8caf2fc642ce571dbc8b817fe6496640b86a44caa33342477?s=96&d=mm&r=g","contentUrl":"https:\/\/secure.gravatar.com\/avatar\/e0fedbe3a363c5c8caf2fc642ce571dbc8b817fe6496640b86a44caa33342477?s=96&d=mm&r=g","caption":"admins"},"sameAs":["https:\/\/millihaber.com.tr"],"url":"https:\/\/millihaber.com.tr\/?author=1"}]}},"_links":{"self":[{"href":"https:\/\/millihaber.com.tr\/index.php?rest_route=\/wp\/v2\/posts\/8358","targetHints":{"allow":["GET"]}}],"collection":[{"href":"https:\/\/millihaber.com.tr\/index.php?rest_route=\/wp\/v2\/posts"}],"about":[{"href":"https:\/\/millihaber.com.tr\/index.php?rest_route=\/wp\/v2\/types\/post"}],"author":[{"embeddable":true,"href":"https:\/\/millihaber.com.tr\/index.php?rest_route=\/wp\/v2\/users\/1"}],"replies":[{"embeddable":true,"href":"https:\/\/millihaber.com.tr\/index.php?rest_route=%2Fwp%2Fv2%2Fcomments&post=8358"}],"version-history":[{"count":0,"href":"https:\/\/millihaber.com.tr\/index.php?rest_route=\/wp\/v2\/posts\/8358\/revisions"}],"wp:featuredmedia":[{"embeddable":true,"href":"https:\/\/millihaber.com.tr\/index.php?rest_route=\/wp\/v2\/media\/8359"}],"wp:attachment":[{"href":"https:\/\/millihaber.com.tr\/index.php?rest_route=%2Fwp%2Fv2%2Fmedia&parent=8358"}],"wp:term":[{"taxonomy":"category","embeddable":true,"href":"https:\/\/millihaber.com.tr\/index.php?rest_route=%2Fwp%2Fv2%2Fcategories&post=8358"},{"taxonomy":"post_tag","embeddable":true,"href":"https:\/\/millihaber.com.tr\/index.php?rest_route=%2Fwp%2Fv2%2Ftags&post=8358"}],"curies":[{"name":"wp","href":"https:\/\/api.w.org\/{rel}","templated":true}]}}