{"id":8417,"date":"2024-04-25T10:20:00","date_gmt":"2024-04-25T10:20:00","guid":{"rendered":"https:\/\/millihaber.com.tr\/2024\/04\/25\/bu-kisilerin-ehliyet-alamayacagi-iddia-edildi\/"},"modified":"2024-04-25T10:20:00","modified_gmt":"2024-04-25T10:20:00","slug":"bu-kisilerin-ehliyet-alamayacagi-iddia-edildi","status":"publish","type":"post","link":"https:\/\/millihaber.com.tr\/?p=8417","title":{"rendered":"Bu ki\u015filerin ehliyet alamayaca\u011f\u0131 iddia edildi"},"content":{"rendered":"<p>Karayollar\u0131 Trafik Y\u00f6netmeli\u011fi&#8217;nde milyonlarca s\u00fcr\u00fcc\u00fcy\u00fc etkileyecek \u00f6nemli bir de\u011fi\u015fiklik yap\u0131ld\u0131\u011f\u0131 iddia edildi. Yap\u0131lan de\u011fi\u015fikli\u011fe g\u00f6re art\u0131k uyku apnesi tan\u0131s\u0131 konan ki\u015filer ehliyet alamayacak veya ehliyetlerini yenileyemeyecek denildi. \u0130leti\u015fim Ba\u015fkanl\u0131\u011f\u0131 taraf\u0131ndan yap\u0131lan a\u00e7\u0131klamada bas\u0131n yay\u0131n organlar\u0131nda yer alan haberler manip\u00fclasyon i\u00e7ermektedir. Y\u00f6netmelikte g\u00fcncel bir de\u011fi\u015fiklik s\u00f6z konusu de\u011fildir&#8221; denildi.<\/p>\n","protected":false},"excerpt":{"rendered":"<p>Karayollar\u0131 Trafik Y\u00f6netmeli\u011fi&#8217;nde milyonlarca s\u00fcr\u00fcc\u00fcy\u00fc etkileyecek \u00f6nemli bir de\u011fi\u015fiklik yap\u0131ld\u0131\u011f\u0131 iddia edildi. Yap\u0131lan de\u011fi\u015fikli\u011fe g\u00f6re art\u0131k uyku apnesi tan\u0131s\u0131 konan ki\u015filer ehliyet alamayacak veya ehliyetlerini yenileyemeyecek denildi. \u0130leti\u015fim Ba\u015fkanl\u0131\u011f\u0131 taraf\u0131ndan yap\u0131lan a\u00e7\u0131klamada bas\u0131n yay\u0131n organlar\u0131nda yer alan haberler manip\u00fclasyon i\u00e7ermektedir. Y\u00f6netmelikte g\u00fcncel bir de\u011fi\u015fiklik s\u00f6z konusu de\u011fildir&#8221; denildi.<\/p>\n","protected":false},"author":1,"featured_media":8418,"comment_status":"open","ping_status":"open","sticky":false,"template":"","format":"standard","meta":{"footnotes":""},"categories":[4,5],"tags":[],"class_list":["post-8417","post","type-post","status-publish","format-standard","has-post-thumbnail","hentry","category-genel","category-gundem"],"yoast_head":"<!-- This site is optimized with the Yoast SEO plugin v28.3 - https:\/\/yoast.com\/product\/yoast-seo-wordpress\/ -->\n<title>Bu ki\u015filerin ehliyet alamayaca\u011f\u0131 iddia edildi - Milli Haber<\/title>\n<meta name=\"robots\" content=\"index, follow, max-snippet:-1, max-image-preview:large, max-video-preview:-1\" \/>\n<link rel=\"canonical\" href=\"https:\/\/millihaber.com.tr\/?p=8417\" \/>\n<meta property=\"og:locale\" content=\"tr_TR\" \/>\n<meta property=\"og:type\" content=\"article\" \/>\n<meta property=\"og:title\" content=\"Bu ki\u015filerin ehliyet alamayaca\u011f\u0131 iddia edildi - Milli Haber\" \/>\n<meta property=\"og:description\" content=\"Karayollar\u0131 Trafik Y\u00f6netmeli\u011fi&#8217;nde milyonlarca s\u00fcr\u00fcc\u00fcy\u00fc etkileyecek \u00f6nemli bir de\u011fi\u015fiklik yap\u0131ld\u0131\u011f\u0131 iddia edildi. Yap\u0131lan de\u011fi\u015fikli\u011fe g\u00f6re art\u0131k uyku apnesi tan\u0131s\u0131 konan ki\u015filer ehliyet alamayacak veya ehliyetlerini yenileyemeyecek denildi. \u0130leti\u015fim Ba\u015fkanl\u0131\u011f\u0131 taraf\u0131ndan yap\u0131lan a\u00e7\u0131klamada bas\u0131n yay\u0131n organlar\u0131nda yer alan haberler manip\u00fclasyon i\u00e7ermektedir. Y\u00f6netmelikte g\u00fcncel bir de\u011fi\u015fiklik s\u00f6z konusu de\u011fildir&#8221; denildi.\" \/>\n<meta property=\"og:url\" content=\"https:\/\/millihaber.com.tr\/?p=8417\" \/>\n<meta property=\"og:site_name\" content=\"Milli Haber\" \/>\n<meta property=\"article:published_time\" content=\"2024-04-25T10:20:00+00:00\" \/>\n<meta property=\"og:image\" content=\"https:\/\/millihaber.com.tr\/wp-content\/uploads\/2024\/04\/3-aexa_cover-740x420.jpg\" \/>\n\t<meta property=\"og:image:width\" content=\"1280\" \/>\n\t<meta property=\"og:image:height\" content=\"720\" \/>\n\t<meta property=\"og:image:type\" content=\"image\/jpeg\" \/>\n<meta name=\"author\" content=\"admins\" \/>\n<meta name=\"twitter:card\" content=\"summary_large_image\" \/>\n<meta name=\"twitter:label1\" content=\"Yazan:\" \/>\n\t<meta name=\"twitter:data1\" content=\"admins\" \/>\n<script type=\"application\/ld+json\" class=\"yoast-schema-graph\">{\"@context\":\"https:\\\/\\\/schema.org\",\"@graph\":[{\"@type\":\"Article\",\"@id\":\"https:\\\/\\\/millihaber.com.tr\\\/?p=8417#article\",\"isPartOf\":{\"@id\":\"https:\\\/\\\/millihaber.com.tr\\\/?p=8417\"},\"author\":{\"name\":\"admins\",\"@id\":\"https:\\\/\\\/millihaber.com.tr\\\/#\\\/schema\\\/person\\\/ce25ff78bd50c3fcd185fb298962da20\"},\"headline\":\"Bu ki\u015filerin ehliyet alamayaca\u011f\u0131 iddia edildi\",\"datePublished\":\"2024-04-25T10:20:00+00:00\",\"mainEntityOfPage\":{\"@id\":\"https:\\\/\\\/millihaber.com.tr\\\/?p=8417\"},\"wordCount\":88,\"commentCount\":0,\"image\":{\"@id\":\"https:\\\/\\\/millihaber.com.tr\\\/?p=8417#primaryimage\"},\"thumbnailUrl\":\"https:\\\/\\\/millihaber.com.tr\\\/wp-content\\\/uploads\\\/2024\\\/04\\\/3-aexa_cover-740x420.jpg\",\"articleSection\":{\"1\":\"G\u00fcndem\"},\"inLanguage\":\"tr\",\"potentialAction\":[{\"@type\":\"CommentAction\",\"name\":\"Comment\",\"target\":[\"https:\\\/\\\/millihaber.com.tr\\\/?p=8417#respond\"]}]},{\"@type\":\"WebPage\",\"@id\":\"https:\\\/\\\/millihaber.com.tr\\\/?p=8417\",\"url\":\"https:\\\/\\\/millihaber.com.tr\\\/?p=8417\",\"name\":\"Bu ki\u015filerin ehliyet alamayaca\u011f\u0131 iddia edildi - Milli Haber\",\"isPartOf\":{\"@id\":\"https:\\\/\\\/millihaber.com.tr\\\/#website\"},\"primaryImageOfPage\":{\"@id\":\"https:\\\/\\\/millihaber.com.tr\\\/?p=8417#primaryimage\"},\"image\":{\"@id\":\"https:\\\/\\\/millihaber.com.tr\\\/?p=8417#primaryimage\"},\"thumbnailUrl\":\"https:\\\/\\\/millihaber.com.tr\\\/wp-content\\\/uploads\\\/2024\\\/04\\\/3-aexa_cover-740x420.jpg\",\"datePublished\":\"2024-04-25T10:20:00+00:00\",\"author\":{\"@id\":\"https:\\\/\\\/millihaber.com.tr\\\/#\\\/schema\\\/person\\\/ce25ff78bd50c3fcd185fb298962da20\"},\"breadcrumb\":{\"@id\":\"https:\\\/\\\/millihaber.com.tr\\\/?p=8417#breadcrumb\"},\"inLanguage\":\"tr\",\"potentialAction\":[{\"@type\":\"ReadAction\",\"target\":[\"https:\\\/\\\/millihaber.com.tr\\\/?p=8417\"]}]},{\"@type\":\"ImageObject\",\"inLanguage\":\"tr\",\"@id\":\"https:\\\/\\\/millihaber.com.tr\\\/?p=8417#primaryimage\",\"url\":\"https:\\\/\\\/millihaber.com.tr\\\/wp-content\\\/uploads\\\/2024\\\/04\\\/3-aexa_cover-740x420.jpg\",\"contentUrl\":\"https:\\\/\\\/millihaber.com.tr\\\/wp-content\\\/uploads\\\/2024\\\/04\\\/3-aexa_cover-740x420.jpg\",\"width\":1280,\"height\":720},{\"@type\":\"BreadcrumbList\",\"@id\":\"https:\\\/\\\/millihaber.com.tr\\\/?p=8417#breadcrumb\",\"itemListElement\":[{\"@type\":\"ListItem\",\"position\":1,\"name\":\"Anasayfa\",\"item\":\"https:\\\/\\\/millihaber.com.tr\\\/\"},{\"@type\":\"ListItem\",\"position\":2,\"name\":\"Bu ki\u015filerin ehliyet alamayaca\u011f\u0131 iddia edildi\"}]},{\"@type\":\"WebSite\",\"@id\":\"https:\\\/\\\/millihaber.com.tr\\\/#website\",\"url\":\"https:\\\/\\\/millihaber.com.tr\\\/\",\"name\":\"Milli Haber\",\"description\":\"Do\u011fru ve  tarafs\u0131z haber\",\"potentialAction\":[{\"@type\":\"SearchAction\",\"target\":{\"@type\":\"EntryPoint\",\"urlTemplate\":\"https:\\\/\\\/millihaber.com.tr\\\/?s={search_term_string}\"},\"query-input\":{\"@type\":\"PropertyValueSpecification\",\"valueRequired\":true,\"valueName\":\"search_term_string\"}}],\"inLanguage\":\"tr\"},{\"@type\":\"Person\",\"@id\":\"https:\\\/\\\/millihaber.com.tr\\\/#\\\/schema\\\/person\\\/ce25ff78bd50c3fcd185fb298962da20\",\"name\":\"admins\",\"image\":{\"@type\":\"ImageObject\",\"inLanguage\":\"tr\",\"@id\":\"https:\\\/\\\/secure.gravatar.com\\\/avatar\\\/e0fedbe3a363c5c8caf2fc642ce571dbc8b817fe6496640b86a44caa33342477?s=96&d=mm&r=g\",\"url\":\"https:\\\/\\\/secure.gravatar.com\\\/avatar\\\/e0fedbe3a363c5c8caf2fc642ce571dbc8b817fe6496640b86a44caa33342477?s=96&d=mm&r=g\",\"contentUrl\":\"https:\\\/\\\/secure.gravatar.com\\\/avatar\\\/e0fedbe3a363c5c8caf2fc642ce571dbc8b817fe6496640b86a44caa33342477?s=96&d=mm&r=g\",\"caption\":\"admins\"},\"sameAs\":[\"https:\\\/\\\/millihaber.com.tr\"],\"url\":\"https:\\\/\\\/millihaber.com.tr\\\/?author=1\"}]}<\/script>\n<!-- \/ Yoast SEO plugin. -->","yoast_head_json":{"title":"Bu ki\u015filerin ehliyet alamayaca\u011f\u0131 iddia edildi - Milli Haber","robots":{"index":"index","follow":"follow","max-snippet":"max-snippet:-1","max-image-preview":"max-image-preview:large","max-video-preview":"max-video-preview:-1"},"canonical":"https:\/\/millihaber.com.tr\/?p=8417","og_locale":"tr_TR","og_type":"article","og_title":"Bu ki\u015filerin ehliyet alamayaca\u011f\u0131 iddia edildi - Milli Haber","og_description":"Karayollar\u0131 Trafik Y\u00f6netmeli\u011fi&#8217;nde milyonlarca s\u00fcr\u00fcc\u00fcy\u00fc etkileyecek \u00f6nemli bir de\u011fi\u015fiklik yap\u0131ld\u0131\u011f\u0131 iddia edildi. Yap\u0131lan de\u011fi\u015fikli\u011fe g\u00f6re art\u0131k uyku apnesi tan\u0131s\u0131 konan ki\u015filer ehliyet alamayacak veya ehliyetlerini yenileyemeyecek denildi. \u0130leti\u015fim Ba\u015fkanl\u0131\u011f\u0131 taraf\u0131ndan yap\u0131lan a\u00e7\u0131klamada bas\u0131n yay\u0131n organlar\u0131nda yer alan haberler manip\u00fclasyon i\u00e7ermektedir. Y\u00f6netmelikte g\u00fcncel bir de\u011fi\u015fiklik s\u00f6z konusu de\u011fildir&#8221; denildi.","og_url":"https:\/\/millihaber.com.tr\/?p=8417","og_site_name":"Milli Haber","article_published_time":"2024-04-25T10:20:00+00:00","og_image":[{"width":1280,"height":720,"url":"https:\/\/millihaber.com.tr\/wp-content\/uploads\/2024\/04\/3-aexa_cover-740x420.jpg","type":"image\/jpeg"}],"author":"admins","twitter_card":"summary_large_image","twitter_misc":{"Yazan:":"admins"},"schema":{"@context":"https:\/\/schema.org","@graph":[{"@type":"Article","@id":"https:\/\/millihaber.com.tr\/?p=8417#article","isPartOf":{"@id":"https:\/\/millihaber.com.tr\/?p=8417"},"author":{"name":"admins","@id":"https:\/\/millihaber.com.tr\/#\/schema\/person\/ce25ff78bd50c3fcd185fb298962da20"},"headline":"Bu ki\u015filerin ehliyet alamayaca\u011f\u0131 iddia edildi","datePublished":"2024-04-25T10:20:00+00:00","mainEntityOfPage":{"@id":"https:\/\/millihaber.com.tr\/?p=8417"},"wordCount":88,"commentCount":0,"image":{"@id":"https:\/\/millihaber.com.tr\/?p=8417#primaryimage"},"thumbnailUrl":"https:\/\/millihaber.com.tr\/wp-content\/uploads\/2024\/04\/3-aexa_cover-740x420.jpg","articleSection":{"1":"G\u00fcndem"},"inLanguage":"tr","potentialAction":[{"@type":"CommentAction","name":"Comment","target":["https:\/\/millihaber.com.tr\/?p=8417#respond"]}]},{"@type":"WebPage","@id":"https:\/\/millihaber.com.tr\/?p=8417","url":"https:\/\/millihaber.com.tr\/?p=8417","name":"Bu ki\u015filerin ehliyet alamayaca\u011f\u0131 iddia edildi - Milli Haber","isPartOf":{"@id":"https:\/\/millihaber.com.tr\/#website"},"primaryImageOfPage":{"@id":"https:\/\/millihaber.com.tr\/?p=8417#primaryimage"},"image":{"@id":"https:\/\/millihaber.com.tr\/?p=8417#primaryimage"},"thumbnailUrl":"https:\/\/millihaber.com.tr\/wp-content\/uploads\/2024\/04\/3-aexa_cover-740x420.jpg","datePublished":"2024-04-25T10:20:00+00:00","author":{"@id":"https:\/\/millihaber.com.tr\/#\/schema\/person\/ce25ff78bd50c3fcd185fb298962da20"},"breadcrumb":{"@id":"https:\/\/millihaber.com.tr\/?p=8417#breadcrumb"},"inLanguage":"tr","potentialAction":[{"@type":"ReadAction","target":["https:\/\/millihaber.com.tr\/?p=8417"]}]},{"@type":"ImageObject","inLanguage":"tr","@id":"https:\/\/millihaber.com.tr\/?p=8417#primaryimage","url":"https:\/\/millihaber.com.tr\/wp-content\/uploads\/2024\/04\/3-aexa_cover-740x420.jpg","contentUrl":"https:\/\/millihaber.com.tr\/wp-content\/uploads\/2024\/04\/3-aexa_cover-740x420.jpg","width":1280,"height":720},{"@type":"BreadcrumbList","@id":"https:\/\/millihaber.com.tr\/?p=8417#breadcrumb","itemListElement":[{"@type":"ListItem","position":1,"name":"Anasayfa","item":"https:\/\/millihaber.com.tr\/"},{"@type":"ListItem","position":2,"name":"Bu ki\u015filerin ehliyet alamayaca\u011f\u0131 iddia edildi"}]},{"@type":"WebSite","@id":"https:\/\/millihaber.com.tr\/#website","url":"https:\/\/millihaber.com.tr\/","name":"Milli Haber","description":"Do\u011fru ve  tarafs\u0131z haber","potentialAction":[{"@type":"SearchAction","target":{"@type":"EntryPoint","urlTemplate":"https:\/\/millihaber.com.tr\/?s={search_term_string}"},"query-input":{"@type":"PropertyValueSpecification","valueRequired":true,"valueName":"search_term_string"}}],"inLanguage":"tr"},{"@type":"Person","@id":"https:\/\/millihaber.com.tr\/#\/schema\/person\/ce25ff78bd50c3fcd185fb298962da20","name":"admins","image":{"@type":"ImageObject","inLanguage":"tr","@id":"https:\/\/secure.gravatar.com\/avatar\/e0fedbe3a363c5c8caf2fc642ce571dbc8b817fe6496640b86a44caa33342477?s=96&d=mm&r=g","url":"https:\/\/secure.gravatar.com\/avatar\/e0fedbe3a363c5c8caf2fc642ce571dbc8b817fe6496640b86a44caa33342477?s=96&d=mm&r=g","contentUrl":"https:\/\/secure.gravatar.com\/avatar\/e0fedbe3a363c5c8caf2fc642ce571dbc8b817fe6496640b86a44caa33342477?s=96&d=mm&r=g","caption":"admins"},"sameAs":["https:\/\/millihaber.com.tr"],"url":"https:\/\/millihaber.com.tr\/?author=1"}]}},"_links":{"self":[{"href":"https:\/\/millihaber.com.tr\/index.php?rest_route=\/wp\/v2\/posts\/8417","targetHints":{"allow":["GET"]}}],"collection":[{"href":"https:\/\/millihaber.com.tr\/index.php?rest_route=\/wp\/v2\/posts"}],"about":[{"href":"https:\/\/millihaber.com.tr\/index.php?rest_route=\/wp\/v2\/types\/post"}],"author":[{"embeddable":true,"href":"https:\/\/millihaber.com.tr\/index.php?rest_route=\/wp\/v2\/users\/1"}],"replies":[{"embeddable":true,"href":"https:\/\/millihaber.com.tr\/index.php?rest_route=%2Fwp%2Fv2%2Fcomments&post=8417"}],"version-history":[{"count":0,"href":"https:\/\/millihaber.com.tr\/index.php?rest_route=\/wp\/v2\/posts\/8417\/revisions"}],"wp:featuredmedia":[{"embeddable":true,"href":"https:\/\/millihaber.com.tr\/index.php?rest_route=\/wp\/v2\/media\/8418"}],"wp:attachment":[{"href":"https:\/\/millihaber.com.tr\/index.php?rest_route=%2Fwp%2Fv2%2Fmedia&parent=8417"}],"wp:term":[{"taxonomy":"category","embeddable":true,"href":"https:\/\/millihaber.com.tr\/index.php?rest_route=%2Fwp%2Fv2%2Fcategories&post=8417"},{"taxonomy":"post_tag","embeddable":true,"href":"https:\/\/millihaber.com.tr\/index.php?rest_route=%2Fwp%2Fv2%2Ftags&post=8417"}],"curies":[{"name":"wp","href":"https:\/\/api.w.org\/{rel}","templated":true}]}}